{"id":1262,"date":"2018-08-07T13:38:53","date_gmt":"2018-08-07T16:38:53","guid":{"rendered":"https:\/\/camtra.org.br\/?p=1262"},"modified":"2018-08-07T13:38:53","modified_gmt":"2018-08-07T16:38:53","slug":"12-anos-da-aprovacao-da-lei-maria-da-penha","status":"publish","type":"post","link":"https:\/\/camtra.org.br\/index.php\/2018\/08\/07\/12-anos-da-aprovacao-da-lei-maria-da-penha\/","title":{"rendered":"12 anos da aprova\u00e7\u00e3o da Lei Maria da Penha"},"content":{"rendered":"<div id=\"fb-root\"><\/div>\n<p>Hoje completam 12 anos da aprova\u00e7\u00e3o da Lei Maria da Penha. Fruto da luta hist\u00f3rica do movimento feminista e da den\u00fancia do caso de Maria da Penha \u00e0 Corte Interamericana de Direitos Humanos da OEA.\u00a0<!--more--> Foi um importante marco para tirarmos de vez a viol\u00eancia contra as mulheres da esfera privada e paut\u00e1-la como responsabiliza\u00e7\u00e3o estatal.<\/p>\n<p>Por\u00e9m, desde a semana passada as imagens que ainda circulam na cabe\u00e7a de muitas n\u00f3s \u00e9 a de Tatiane Spitzner, 29 anos, tentando fugir das agress\u00f5es que culminaram em sua morte. Assim como Tatiane, em m\u00e9dia 3 mulheres s\u00e3o assassinadas por dia em fun\u00e7\u00e3o da sua condi\u00e7\u00e3o de g\u00eanero. Registrando 946 casos de feminic\u00eddio em 2017 no pa\u00eds &#8211; n\u00famero ainda subnotificado (F\u00f3rum Brasileiro de Seguran\u00e7a P\u00fablica). A pergunta que fica \u00e9: porque a Lei Maria da Penha n\u00e3o foi capaz de salvar a vida de Tatiane e todas as mulheres?<\/p>\n<p>Neste contexto, \u00e9 preciso denunciar o desmonte das pol\u00edticas p\u00fablicas e os entraves ao debate de g\u00eanero nas escolas. \u00c9 importante ressaltar que embora a Lei Maria da Penha, seja um marco na institucionaliza\u00e7\u00e3o de pol\u00edticas p\u00fablicas e possa servir de instrumento de justi\u00e7a pelas agress\u00f5es sofridas pelas mulheres, a mesma deve fazer parte de uma gama de a\u00e7\u00f5es que perpassam desde o debate de g\u00eanero na escola, para enfrentarmos o machismo e a misoginia &#8211; t\u00e3o escancarados no caso de Tatiane; pol\u00edticas de acolhimento e atendimentos \u00e0s mulheres v\u00edtimas de viol\u00eancia, com a garantia de suas vidas pelo poder p\u00fablico, a efetiva implementa\u00e7\u00e3o das medidas protetivas, pol\u00edticas voltadas para a autonomia econ\u00f4mica e social das mulheres, dentre tantas outras.<\/p>\n<p>O que queremos \u00e9 seguir vivas, queremos que as casas e as ruas sejam locais seguros para n\u00f3s mulheres.<\/p>\n<p>Por Tatiane, por Elo\u00e1, por Elisa Samudio, por Carla, por Caroline, por Valdina, por Simone&#8230; Por todas que perderam suas vidas e por todas n\u00f3s: seguiremos em luta por uma sociedade livre do machismo e da misoginia.<\/p>\n<p><a href=\"https:\/\/www.facebook.com\/hashtag\/leimariadapenha?source=feed_text&amp;__xts__%5B0%5D=68.ARD0D4M4k2KWl6U_CdMc0deaQZs62Mp-KWylQbsrE6WosHuzpiDqgQxziSdo99SyKGna2uLHa0nzpdfSTmC5kU4wQAq7-s-rok0Fcl4ViA44IYzdonHiRDHMijHAk3z0_5i4tPiOuP3zqrhRpKKpW_EcpfTmmqxF_lqV9RSuUiTK194fQtxBtmSZl59P3lfP8h9GEydprvEBeQL0gAIQyby4RN8&amp;__tn__=%2ANK-R\">#leimariadapenha<\/a> <a href=\"https:\/\/www.facebook.com\/hashtag\/mariadapenha?source=feed_text&amp;__xts__%5B0%5D=68.ARD0D4M4k2KWl6U_CdMc0deaQZs62Mp-KWylQbsrE6WosHuzpiDqgQxziSdo99SyKGna2uLHa0nzpdfSTmC5kU4wQAq7-s-rok0Fcl4ViA44IYzdonHiRDHMijHAk3z0_5i4tPiOuP3zqrhRpKKpW_EcpfTmmqxF_lqV9RSuUiTK194fQtxBtmSZl59P3lfP8h9GEydprvEBeQL0gAIQyby4RN8&amp;__tn__=%2ANK-R\">#mariadapenha<\/a> <a href=\"https:\/\/www.facebook.com\/hashtag\/feminicidio?source=feed_text&amp;__xts__%5B0%5D=68.ARD0D4M4k2KWl6U_CdMc0deaQZs62Mp-KWylQbsrE6WosHuzpiDqgQxziSdo99SyKGna2uLHa0nzpdfSTmC5kU4wQAq7-s-rok0Fcl4ViA44IYzdonHiRDHMijHAk3z0_5i4tPiOuP3zqrhRpKKpW_EcpfTmmqxF_lqV9RSuUiTK194fQtxBtmSZl59P3lfP8h9GEydprvEBeQL0gAIQyby4RN8&amp;__tn__=%2ANK-R\">#feminicidio<\/a> <a href=\"https:\/\/www.facebook.com\/hashtag\/mulheres?source=feed_text&amp;__xts__%5B0%5D=68.ARD0D4M4k2KWl6U_CdMc0deaQZs62Mp-KWylQbsrE6WosHuzpiDqgQxziSdo99SyKGna2uLHa0nzpdfSTmC5kU4wQAq7-s-rok0Fcl4ViA44IYzdonHiRDHMijHAk3z0_5i4tPiOuP3zqrhRpKKpW_EcpfTmmqxF_lqV9RSuUiTK194fQtxBtmSZl59P3lfP8h9GEydprvEBeQL0gAIQyby4RN8&amp;__tn__=%2ANK-R\">#mulheres<\/a> <a href=\"https:\/\/www.facebook.com\/hashtag\/mulheresnapolitica?source=feed_text&amp;__xts__%5B0%5D=68.ARD0D4M4k2KWl6U_CdMc0deaQZs62Mp-KWylQbsrE6WosHuzpiDqgQxziSdo99SyKGna2uLHa0nzpdfSTmC5kU4wQAq7-s-rok0Fcl4ViA44IYzdonHiRDHMijHAk3z0_5i4tPiOuP3zqrhRpKKpW_EcpfTmmqxF_lqV9RSuUiTK194fQtxBtmSZl59P3lfP8h9GEydprvEBeQL0gAIQyby4RN8&amp;__tn__=%2ANK-R\">#mulheresnapolitica<\/a> <a href=\"https:\/\/www.facebook.com\/hashtag\/mulher?source=feed_text&amp;__xts__%5B0%5D=68.ARD0D4M4k2KWl6U_CdMc0deaQZs62Mp-KWylQbsrE6WosHuzpiDqgQxziSdo99SyKGna2uLHa0nzpdfSTmC5kU4wQAq7-s-rok0Fcl4ViA44IYzdonHiRDHMijHAk3z0_5i4tPiOuP3zqrhRpKKpW_EcpfTmmqxF_lqV9RSuUiTK194fQtxBtmSZl59P3lfP8h9GEydprvEBeQL0gAIQyby4RN8&amp;__tn__=%2ANK-R\">#mulher<\/a> <a href=\"https:\/\/www.facebook.com\/hashtag\/feminismo?source=feed_text&amp;__xts__%5B0%5D=68.ARD0D4M4k2KWl6U_CdMc0deaQZs62Mp-KWylQbsrE6WosHuzpiDqgQxziSdo99SyKGna2uLHa0nzpdfSTmC5kU4wQAq7-s-rok0Fcl4ViA44IYzdonHiRDHMijHAk3z0_5i4tPiOuP3zqrhRpKKpW_EcpfTmmqxF_lqV9RSuUiTK194fQtxBtmSZl59P3lfP8h9GEydprvEBeQL0gAIQyby4RN8&amp;__tn__=%2ANK-R\">#feminismo<\/a> <a href=\"https:\/\/www.facebook.com\/hashtag\/feminista?source=feed_text&amp;__xts__%5B0%5D=68.ARD0D4M4k2KWl6U_CdMc0deaQZs62Mp-KWylQbsrE6WosHuzpiDqgQxziSdo99SyKGna2uLHa0nzpdfSTmC5kU4wQAq7-s-rok0Fcl4ViA44IYzdonHiRDHMijHAk3z0_5i4tPiOuP3zqrhRpKKpW_EcpfTmmqxF_lqV9RSuUiTK194fQtxBtmSZl59P3lfP8h9GEydprvEBeQL0gAIQyby4RN8&amp;__tn__=%2ANK-R\">#feminista<\/a> <a href=\"https:\/\/www.facebook.com\/hashtag\/feminism?source=feed_text&amp;__xts__%5B0%5D=68.ARD0D4M4k2KWl6U_CdMc0deaQZs62Mp-KWylQbsrE6WosHuzpiDqgQxziSdo99SyKGna2uLHa0nzpdfSTmC5kU4wQAq7-s-rok0Fcl4ViA44IYzdonHiRDHMijHAk3z0_5i4tPiOuP3zqrhRpKKpW_EcpfTmmqxF_lqV9RSuUiTK194fQtxBtmSZl59P3lfP8h9GEydprvEBeQL0gAIQyby4RN8&amp;__tn__=%2ANK-R\">#feminism<\/a> <a href=\"https:\/\/www.facebook.com\/hashtag\/misoginia?source=feed_text&amp;__xts__%5B0%5D=68.ARD0D4M4k2KWl6U_CdMc0deaQZs62Mp-KWylQbsrE6WosHuzpiDqgQxziSdo99SyKGna2uLHa0nzpdfSTmC5kU4wQAq7-s-rok0Fcl4ViA44IYzdonHiRDHMijHAk3z0_5i4tPiOuP3zqrhRpKKpW_EcpfTmmqxF_lqV9RSuUiTK194fQtxBtmSZl59P3lfP8h9GEydprvEBeQL0gAIQyby4RN8&amp;__tn__=%2ANK-R\">#misoginia<\/a> <a href=\"https:\/\/www.facebook.com\/hashtag\/machistasn%C3%A3opassar%C3%A3o?source=feed_text&amp;__xts__%5B0%5D=68.ARD0D4M4k2KWl6U_CdMc0deaQZs62Mp-KWylQbsrE6WosHuzpiDqgQxziSdo99SyKGna2uLHa0nzpdfSTmC5kU4wQAq7-s-rok0Fcl4ViA44IYzdonHiRDHMijHAk3z0_5i4tPiOuP3zqrhRpKKpW_EcpfTmmqxF_lqV9RSuUiTK194fQtxBtmSZl59P3lfP8h9GEydprvEBeQL0gAIQyby4RN8&amp;__tn__=%2ANK-R\">#machistasn\u00e3opassar\u00e3o<\/a> <a href=\"https:\/\/www.facebook.com\/hashtag\/mulheresunidas?source=feed_text&amp;__xts__%5B0%5D=68.ARD0D4M4k2KWl6U_CdMc0deaQZs62Mp-KWylQbsrE6WosHuzpiDqgQxziSdo99SyKGna2uLHa0nzpdfSTmC5kU4wQAq7-s-rok0Fcl4ViA44IYzdonHiRDHMijHAk3z0_5i4tPiOuP3zqrhRpKKpW_EcpfTmmqxF_lqV9RSuUiTK194fQtxBtmSZl59P3lfP8h9GEydprvEBeQL0gAIQyby4RN8&amp;__tn__=%2ANK-R\">#mulheresunidas<\/a> <a href=\"https:\/\/www.facebook.com\/hashtag\/juntassomosmaisfortes?source=feed_text&amp;__xts__%5B0%5D=68.ARD0D4M4k2KWl6U_CdMc0deaQZs62Mp-KWylQbsrE6WosHuzpiDqgQxziSdo99SyKGna2uLHa0nzpdfSTmC5kU4wQAq7-s-rok0Fcl4ViA44IYzdonHiRDHMijHAk3z0_5i4tPiOuP3zqrhRpKKpW_EcpfTmmqxF_lqV9RSuUiTK194fQtxBtmSZl59P3lfP8h9GEydprvEBeQL0gAIQyby4RN8&amp;__tn__=%2ANK-R\">#juntassomosmaisfortes<\/a> <a href=\"https:\/\/www.facebook.com\/hashtag\/sororidade?source=feed_text&amp;__xts__%5B0%5D=68.ARD0D4M4k2KWl6U_CdMc0deaQZs62Mp-KWylQbsrE6WosHuzpiDqgQxziSdo99SyKGna2uLHa0nzpdfSTmC5kU4wQAq7-s-rok0Fcl4ViA44IYzdonHiRDHMijHAk3z0_5i4tPiOuP3zqrhRpKKpW_EcpfTmmqxF_lqV9RSuUiTK194fQtxBtmSZl59P3lfP8h9GEydprvEBeQL0gAIQyby4RN8&amp;__tn__=%2ANK-R\">#sororidade<\/a> <a href=\"https:\/\/www.facebook.com\/hashtag\/ass%C3%A9dio?source=feed_text&amp;__xts__%5B0%5D=68.ARD0D4M4k2KWl6U_CdMc0deaQZs62Mp-KWylQbsrE6WosHuzpiDqgQxziSdo99SyKGna2uLHa0nzpdfSTmC5kU4wQAq7-s-rok0Fcl4ViA44IYzdonHiRDHMijHAk3z0_5i4tPiOuP3zqrhRpKKpW_EcpfTmmqxF_lqV9RSuUiTK194fQtxBtmSZl59P3lfP8h9GEydprvEBeQL0gAIQyby4RN8&amp;__tn__=%2ANK-R\">#ass\u00e9dio<\/a><\/p>\n","protected":false},"excerpt":{"rendered":"<p>Hoje completam 12 anos da aprova\u00e7\u00e3o da Lei Maria da Penha. Fruto da luta hist\u00f3rica do movimento feminista e da den\u00fancia do caso de Maria da Penha \u00e0 Corte Interamericana [&hellip;]<\/p>\n","protected":false},"author":3,"featured_media":1227,"comment_status":"open","ping_status":"open","sticky":false,"template":"","format":"standard","meta":{"om_disable_all_campaigns":false,"_uf_show_specific_survey":0,"_uf_disable_surveys":false,"ocean_post_layout":"","ocean_both_sidebars_style":"","ocean_both_sidebars_content_width":0,"ocean_both_sidebars_sidebars_width":0,"ocean_sidebar":"","ocean_second_sidebar":"","ocean_disable_margins":"enable","ocean_add_body_class":"","ocean_shortcode_before_top_bar":"","ocean_shortcode_after_top_bar":"","ocean_shortcode_before_header":"","ocean_shortcode_after_header":"","ocean_has_shortcode":"","ocean_shortcode_after_title":"","ocean_shortcode_before_footer_widgets":"","ocean_shortcode_after_footer_widgets":"","ocean_shortcode_before_footer_bottom":"","ocean_shortcode_after_footer_bottom":"","ocean_display_top_bar":"default","ocean_display_header":"default","ocean_header_style":"","ocean_center_header_left_menu":"","ocean_custom_header_template":"","ocean_custom_logo":0,"ocean_custom_retina_logo":0,"ocean_custom_logo_max_width":0,"ocean_custom_logo_tablet_max_width":0,"ocean_custom_logo_mobile_max_width":0,"ocean_custom_logo_max_height":0,"ocean_custom_logo_tablet_max_height":0,"ocean_custom_logo_mobile_max_height":0,"ocean_header_custom_menu":"","ocean_menu_typo_font_family":"","ocean_menu_typo_font_subset":"","ocean_menu_typo_font_size":0,"ocean_menu_typo_font_size_tablet":0,"ocean_menu_typo_font_size_mobile":0,"ocean_menu_typo_font_size_unit":"px","ocean_menu_typo_font_weight":"","ocean_menu_typo_font_weight_tablet":"","ocean_menu_typo_font_weight_mobile":"","ocean_menu_typo_transform":"","ocean_menu_typo_transform_tablet":"","ocean_menu_typo_transform_mobile":"","ocean_menu_typo_line_height":0,"ocean_menu_typo_line_height_tablet":0,"ocean_menu_typo_line_height_mobile":0,"ocean_menu_typo_line_height_unit":"","ocean_menu_typo_spacing":0,"ocean_menu_typo_spacing_tablet":0,"ocean_menu_typo_spacing_mobile":0,"ocean_menu_typo_spacing_unit":"","ocean_menu_link_color":"","ocean_menu_link_color_hover":"","ocean_menu_link_color_active":"","ocean_menu_link_background":"","ocean_menu_link_hover_background":"","ocean_menu_link_active_background":"","ocean_menu_social_links_bg":"","ocean_menu_social_hover_links_bg":"","ocean_menu_social_links_color":"","ocean_menu_social_hover_links_color":"","ocean_disable_title":"default","ocean_disable_heading":"default","ocean_post_title":"","ocean_post_subheading":"","ocean_post_title_style":"","ocean_post_title_background_color":"","ocean_post_title_background":0,"ocean_post_title_bg_image_position":"","ocean_post_title_bg_image_attachment":"","ocean_post_title_bg_image_repeat":"","ocean_post_title_bg_image_size":"","ocean_post_title_height":0,"ocean_post_title_bg_overlay":0.5,"ocean_post_title_bg_overlay_color":"","ocean_disable_breadcrumbs":"default","ocean_breadcrumbs_color":"","ocean_breadcrumbs_separator_color":"","ocean_breadcrumbs_links_color":"","ocean_breadcrumbs_links_hover_color":"","ocean_display_footer_widgets":"default","ocean_display_footer_bottom":"default","ocean_custom_footer_template":"","ocean_post_oembed":"","ocean_post_self_hosted_media":"","ocean_post_video_embed":"","ocean_link_format":"","ocean_link_format_target":"self","ocean_quote_format":"","ocean_quote_format_link":"post","ocean_gallery_link_images":"on","ocean_gallery_id":[],"footnotes":""},"categories":[34,30],"tags":[133,82,114,115,117,134,135,118,136,120,121,122,123,124,137],"class_list":["post-1262","post","type-post","status-publish","format-standard","has-post-thumbnail","hentry","category-politica","category-violencia","tag-assedio","tag-feminicidio","tag-feminism","tag-feminismo","tag-feminista","tag-juntassomosmaisfortes","tag-leimariadapenha","tag-machistasnaopassarao","tag-mariadapenha","tag-misoginia","tag-mulher","tag-mulheres","tag-mulheresnapolitica","tag-mulheresunidas","tag-sororidade","entry","has-media"],"_links":{"self":[{"href":"https:\/\/camtra.org.br\/index.php\/wp-json\/wp\/v2\/posts\/1262","targetHints":{"allow":["GET"]}}],"collection":[{"href":"https:\/\/camtra.org.br\/index.php\/wp-json\/wp\/v2\/posts"}],"about":[{"href":"https:\/\/camtra.org.br\/index.php\/wp-json\/wp\/v2\/types\/post"}],"author":[{"embeddable":true,"href":"https:\/\/camtra.org.br\/index.php\/wp-json\/wp\/v2\/users\/3"}],"replies":[{"embeddable":true,"href":"https:\/\/camtra.org.br\/index.php\/wp-json\/wp\/v2\/comments?post=1262"}],"version-history":[{"count":0,"href":"https:\/\/camtra.org.br\/index.php\/wp-json\/wp\/v2\/posts\/1262\/revisions"}],"wp:featuredmedia":[{"embeddable":true,"href":"https:\/\/camtra.org.br\/index.php\/wp-json\/wp\/v2\/media\/1227"}],"wp:attachment":[{"href":"https:\/\/camtra.org.br\/index.php\/wp-json\/wp\/v2\/media?parent=1262"}],"wp:term":[{"taxonomy":"category","embeddable":true,"href":"https:\/\/camtra.org.br\/index.php\/wp-json\/wp\/v2\/categories?post=1262"},{"taxonomy":"post_tag","embeddable":true,"href":"https:\/\/camtra.org.br\/index.php\/wp-json\/wp\/v2\/tags?post=1262"}],"curies":[{"name":"wp","href":"https:\/\/api.w.org\/{rel}","templated":true}]}}