{"id":14467,"date":"2024-07-23T13:04:21","date_gmt":"2024-07-23T13:04:21","guid":{"rendered":"https:\/\/camtra.org.br\/?p=14467"},"modified":"2024-08-02T19:38:06","modified_gmt":"2024-08-02T19:38:06","slug":"feed-rss-do-site-camtra","status":"publish","type":"post","link":"https:\/\/camtra.org.br\/index.php\/2024\/07\/23\/feed-rss-do-site-camtra\/","title":{"rendered":"Feed RSS do site CAMTRA"},"content":{"rendered":"<div id=\"fb-root\"><\/div>\n\t\t<div data-elementor-type=\"wp-post\" data-elementor-id=\"14467\" class=\"elementor elementor-14467\">\n\t\t\t\t<div class=\"elementor-element elementor-element-1d3c2714 e-flex e-con-boxed e-con e-parent\" data-id=\"1d3c2714\" data-element_type=\"container\" data-e-type=\"container\">\n\t\t\t\t\t<div class=\"e-con-inner\">\n\t\t\t\t<div class=\"elementor-element elementor-element-615bb5ce exad-sticky-section-no exad-glass-effect-no elementor-widget elementor-widget-text-editor\" data-id=\"615bb5ce\" data-element_type=\"widget\" data-e-type=\"widget\" data-widget_type=\"text-editor.default\">\n\t\t\t\t<div class=\"elementor-widget-container\">\n\t\t\t\t\t\t\t\t\t<p><\/p>\n<p class=\"wp-block-paragraph\"><span style=\"text-decoration: underline;\"><a href=\"https:\/\/camtra.org.br\/index.php\/feed\/\">A equipe CAMTRA disponibiliza os feeds<\/a><\/span>\u00a0para facilitar a vida de visitantes do nosso site. Com os web feeds, voc\u00ea se atualiza sobre as mais recentes novidades no site da CAMTRA sem precisar checar o site constantemente em busca de atualiza\u00e7\u00f5es.<\/p>\n<p><\/p>\n<p><\/p>\n<div class=\"wp-block-group is-vertical is-content-justification-left is-layout-flex wp-container-core-group-is-layout-df7bfe9b wp-block-group-is-layout-flex\"><div class=\"feedzy-d7ced1411dd47e66580a0ec207ec73e5 feedzy-rss\"><div class=\"rss_header\"><h2><a href=\"https:\/\/camtra.org.br\/\" class=\"rss_title\" rel=\"noopener\">CAMTRA NOVO<\/a> <span class=\"rss_description\"> <\/span><\/h2><\/div><ul><li  style=\"padding: 15px 0 25px\" class=\"rss_item\"><div class=\"rss_image\" style=\"height:150px;width:150px;\"><a href=\"https:\/\/camtra.org.br\/index.php\/2026\/08\/29\/29-de-agosto-dia-nacional-da-visibilidade-lesbica\/\" target=\"_blank\" rel=\" noopener\" title=\"29 de Agosto  Dia Nacional da Visibilidade L\u00e9sbica\u00a0\" style=\"height:150px;width:150px;\"><img decoding=\"async\" src=\"https:\/\/camtra.org.br\/wp-content\/uploads\/2026\/08\/visibilidade-lesb-150x150.jpg\" title=\"29 de Agosto  Dia Nacional da Visibilidade L\u00e9sbica\u00a0\" style=\"height:150px;width:150px\"><\/a><\/div><span class=\"title\"><a href=\"https:\/\/camtra.org.br\/index.php\/2026\/08\/29\/29-de-agosto-dia-nacional-da-visibilidade-lesbica\/\" target=\"_blank\" rel=\" noopener\">29 de Agosto  Dia Nacional da Visibilidade L\u00e9sbica\u00a0<\/a><\/span><div class=\"rss_content\" style=\"\"><small>by <a href=\"\/\/camtra.org.br\" target=\"_blank\" title=\"camtra.org.br\">Camtra Desenvolvedor<\/a> on 2026-08-29 at 22:18 <\/small><p>Visibilizar \u00e9 reconhecer hist\u00f3rias, afetos, corpos e lutas, enfrentando o silenciamento imposto pela lesbofobia. \u00c9 honrar aquelas que vieram antes e relembrar mulheres como Cassandra Rios e Rosely Roth, que<\/p><\/div><\/li><li  style=\"padding: 15px 0 25px\" class=\"rss_item\"><div class=\"rss_image\" style=\"height:150px;width:150px;\"><a href=\"https:\/\/camtra.org.br\/index.php\/2026\/08\/28\/31-08-a-camtra-ocupa-o-saara-para-fortalecer-direitos-combater-a-lesbofobia-e-celebrar-a-existencia-e-a-resistencia-lesbica\/\" target=\"_blank\" rel=\" noopener\" title=\"31\/08, a CAMTRA ocupa o Saara para fortalecer direitos, combater a lesbofobia e celebrar a exist\u00eancia e a resist\u00eancia l\u00e9sbica\" style=\"height:150px;width:150px;\"><img decoding=\"async\" src=\"https:\/\/camtra.org.br\/wp-content\/uploads\/2026\/08\/barraca-lgbt-150x150.jpg\" title=\"31\/08, a CAMTRA ocupa o Saara para fortalecer direitos, combater a lesbofobia e celebrar a exist\u00eancia e a resist\u00eancia l\u00e9sbica\" style=\"height:150px;width:150px\"><\/a><\/div><span class=\"title\"><a href=\"https:\/\/camtra.org.br\/index.php\/2026\/08\/28\/31-08-a-camtra-ocupa-o-saara-para-fortalecer-direitos-combater-a-lesbofobia-e-celebrar-a-existencia-e-a-resistencia-lesbica\/\" target=\"_blank\" rel=\" noopener\">31\/08, a CAMTRA ocupa o Saara para fortalecer direitos, combater a lesbofobia e celebrar a exist\u00eancia e a resist\u00eancia l\u00e9sbica<\/a><\/span><div class=\"rss_content\" style=\"\"><small>by <a href=\"\/\/camtra.org.br\" target=\"_blank\" title=\"camtra.org.br\">Camtra Desenvolvedor<\/a> on 2026-08-28 at 22:08 <\/small><p>Na pr\u00f3xima segunda-feira (31\/08), a CAMTRA ocupa o Saara para fortalecer direitos, combater a lesbofobia e celebrar a exist\u00eancia e a resist\u00eancia l\u00e9sbica, comemorando o Dia Nacional da Visibilidade L\u00e9sbica!<\/p><\/div><\/li><li  style=\"padding: 15px 0 25px\" class=\"rss_item\"><div class=\"rss_image\" style=\"height:150px;width:150px;\"><a href=\"https:\/\/camtra.org.br\/index.php\/2026\/08\/28\/encontro-estadual-do-para-do-projeto-mulheres-em-rede-promovendo-cuidado-e-autonomia-economica-realizado-no-ponto-de-cultura-mocoham-na-ilha-do-combu-em-belem\/\" target=\"_blank\" rel=\" noopener\" title=\"Encontro Estadual do Par\u00e1 do projeto Mulheres em Rede promovendo cuidado e autonomia econ\u00f4mica, realizado no Ponto de Cultura Mocoham, na Ilha do Combu, em Bel\u00e9m.\" style=\"height:150px;width:150px;\"><img decoding=\"async\" src=\"https:\/\/camtra.org.br\/wp-content\/uploads\/2026\/08\/capa-150x150.webp\" title=\"Encontro Estadual do Par\u00e1 do projeto Mulheres em Rede promovendo cuidado e autonomia econ\u00f4mica, realizado no Ponto de Cultura Mocoham, na Ilha do Combu, em Bel\u00e9m.\" style=\"height:150px;width:150px\"><\/a><\/div><span class=\"title\"><a href=\"https:\/\/camtra.org.br\/index.php\/2026\/08\/28\/encontro-estadual-do-para-do-projeto-mulheres-em-rede-promovendo-cuidado-e-autonomia-economica-realizado-no-ponto-de-cultura-mocoham-na-ilha-do-combu-em-belem\/\" target=\"_blank\" rel=\" noopener\">Encontro Estadual do Par\u00e1 do projeto Mulheres em Rede promovendo cuidado e autonomia econ\u00f4mica, realizado no Ponto de Cultura Mocoham, na Ilha do Combu, em Bel\u00e9m.<\/a><\/span><div class=\"rss_content\" style=\"\"><small>by <a href=\"\/\/camtra.org.br\" target=\"_blank\" title=\"camtra.org.br\">Camtra Desenvolvedor<\/a> on 2026-08-28 at 21:57 <\/small><p>Ap\u00f3s a din\u00e2mica de apresenta\u00e7\u00e3o, foi realizada uma roda de conversa de aprendizados coletivos e debate com as participantes. Tamb\u00e9m contamos com a media\u00e7\u00e3o do conto \u201cF\u00e1tima, a fiandeira\u201d, do<\/p><\/div><\/li><li  style=\"padding: 15px 0 25px\" class=\"rss_item\"><div class=\"rss_image\" style=\"height:150px;width:150px;\"><a href=\"https:\/\/camtra.org.br\/index.php\/2026\/08\/27\/segundo-dia-do-encontro-estadual-do-para-do-projeto-mulheres-em-rede-promovendo-cuidado-e-autonomia-economica\/\" target=\"_blank\" rel=\" noopener\" title=\"Segundo dia do Encontro Estadual do Par\u00e1 do projeto Mulheres em Rede promovendo cuidado e autonomia econ\u00f4mica\" style=\"height:150px;width:150px;\"><img decoding=\"async\" src=\"https:\/\/camtra.org.br\/wp-content\/uploads\/2026\/08\/segundo-dia-para-150x150.png\" title=\"Segundo dia do Encontro Estadual do Par\u00e1 do projeto Mulheres em Rede promovendo cuidado e autonomia econ\u00f4mica\" style=\"height:150px;width:150px\"><\/a><\/div><span class=\"title\"><a href=\"https:\/\/camtra.org.br\/index.php\/2026\/08\/27\/segundo-dia-do-encontro-estadual-do-para-do-projeto-mulheres-em-rede-promovendo-cuidado-e-autonomia-economica\/\" target=\"_blank\" rel=\" noopener\">Segundo dia do Encontro Estadual do Par\u00e1 do projeto Mulheres em Rede promovendo cuidado e autonomia econ\u00f4mica<\/a><\/span><div class=\"rss_content\" style=\"\"><small>by <a href=\"\/\/camtra.org.br\" target=\"_blank\" title=\"camtra.org.br\">Camtra Desenvolvedor<\/a> on 2026-08-27 at 21:46 <\/small><p>O segundo dia do Encontro Estadual do Par\u00e1 do projeto Mulheres em Rede promovendo cuidado e autonomia econ\u00f4mica come\u00e7ou com a feira para exposi\u00e7\u00e3o e comercializa\u00e7\u00e3o dos produtos produzidos pela<\/p><\/div><\/li><li  style=\"padding: 15px 0 25px\" class=\"rss_item\"><div class=\"rss_image\" style=\"height:150px;width:150px;\"><a href=\"https:\/\/camtra.org.br\/index.php\/2026\/08\/26\/primeiro-dia-do-encontro-estadual-do-para-do-projeto-mulheres-em-rede-promovendo-cuidado-e-autonomia-economica\/\" target=\"_blank\" rel=\" noopener\" title=\"Primeiro dia do Encontro Estadual do Par\u00e1 do projeto Mulheres em Rede promovendo cuidado e autonomia econ\u00f4mica\" style=\"height:150px;width:150px;\"><img decoding=\"async\" src=\"https:\/\/camtra.org.br\/wp-content\/uploads\/2026\/08\/para--150x150.png\" title=\"Primeiro dia do Encontro Estadual do Par\u00e1 do projeto Mulheres em Rede promovendo cuidado e autonomia econ\u00f4mica\" style=\"height:150px;width:150px\"><\/a><\/div><span class=\"title\"><a href=\"https:\/\/camtra.org.br\/index.php\/2026\/08\/26\/primeiro-dia-do-encontro-estadual-do-para-do-projeto-mulheres-em-rede-promovendo-cuidado-e-autonomia-economica\/\" target=\"_blank\" rel=\" noopener\">Primeiro dia do Encontro Estadual do Par\u00e1 do projeto Mulheres em Rede promovendo cuidado e autonomia econ\u00f4mica<\/a><\/span><div class=\"rss_content\" style=\"\"><small>by <a href=\"\/\/camtra.org.br\" target=\"_blank\" title=\"camtra.org.br\">Camtra Desenvolvedor<\/a> on 2026-08-26 at 21:10 <\/small><p>Primeiro dia do Encontro Estadual do Par\u00e1 do projeto Mulheres em Rede promovendo cuidado e autonomia econ\u00f4mica, realizado no Ponto de Cultura Mocoham\u00a0@mocoham2011, na Ilha do Combu, em Bel\u00e9m. Ap\u00f3s<\/p><\/div><\/li><\/ul> <\/div><style type=\"text\/css\" media=\"all\">.feedzy-rss .rss_item .rss_image{float:left;position:relative;border:none;text-decoration:none;max-width:100%}.feedzy-rss .rss_item .rss_image span{display:inline-block;position:absolute;width:100%;height:100%;background-position:50%;background-size:cover}.feedzy-rss .rss_item .rss_image{margin:.3em 1em 0 0;content-visibility:auto}.feedzy-rss ul{list-style:none}.feedzy-rss ul li{display:inline-block}<\/style><\/div>\n<p><\/p>\t\t\t\t\t\t\t\t<\/div>\n\t\t\t\t<\/div>\n\t\t\t\t\t<\/div>\n\t\t\t\t<\/div>\n\t\t<div class=\"elementor-element elementor-element-1d19017 e-flex e-con-boxed e-con e-parent\" data-id=\"1d19017\" data-element_type=\"container\" data-e-type=\"container\">\n\t\t\t\t\t<div class=\"e-con-inner\">\n\t\t\t\t<div class=\"elementor-element elementor-element-8ef4f15 exad-sticky-section-no exad-glass-effect-no elementor-widget elementor-widget-feedzy-rss-feeds\" data-id=\"8ef4f15\" data-element_type=\"widget\" data-e-type=\"widget\" data-widget_type=\"feedzy-rss-feeds.default\">\n\t\t\t\t<div class=\"elementor-widget-container\">\n\t\t\t\t\t<div class=\"feedzy-d7ced1411dd47e66580a0ec207ec73e5 feedzy-rss\"><ul><li  style=\"padding: 15px 0 25px\" class=\"rss_item\"><div class=\"rss_image\" style=\"height:150px;width:150px;\"><a href=\"https:\/\/camtra.org.br\/index.php\/2026\/08\/29\/29-de-agosto-dia-nacional-da-visibilidade-lesbica\/\" target=\"\" rel=\" noopener\" title=\"29 de Agosto  Dia Nacional da Visibilidade L\u00e9sbica\u00a0\" style=\"height:150px;width:150px;\"><img decoding=\"async\" src=\"https:\/\/camtra.org.br\/wp-content\/uploads\/2026\/08\/visibilidade-lesb-150x150.jpg\" title=\"29 de Agosto  Dia Nacional da Visibilidade L\u00e9sbica\u00a0\" style=\"height:150px;width:150px\"><\/a><\/div><span class=\"title\"><a href=\"https:\/\/camtra.org.br\/index.php\/2026\/08\/29\/29-de-agosto-dia-nacional-da-visibilidade-lesbica\/\" target=\"\" rel=\" noopener\">29 de Agosto  Dia Nacional da Visibilidade L\u00e9sbica\u00a0<\/a><\/span><div class=\"rss_content\" style=\"\"><p>Visibilizar \u00e9 reconhecer hist\u00f3rias, afetos, corpos e lutas, enfrentando o silenciamento imposto pela lesbofobia. \u00c9 honrar aquelas que vieram antes e relembrar mulheres como Cassandra Rios e Rosely Roth, que<\/p><\/div><\/li><li  style=\"padding: 15px 0 25px\" class=\"rss_item\"><div class=\"rss_image\" style=\"height:150px;width:150px;\"><a href=\"https:\/\/camtra.org.br\/index.php\/2026\/08\/28\/31-08-a-camtra-ocupa-o-saara-para-fortalecer-direitos-combater-a-lesbofobia-e-celebrar-a-existencia-e-a-resistencia-lesbica\/\" target=\"\" rel=\" noopener\" title=\"31\/08, a CAMTRA ocupa o Saara para fortalecer direitos, combater a lesbofobia e celebrar a exist\u00eancia e a resist\u00eancia l\u00e9sbica\" style=\"height:150px;width:150px;\"><img decoding=\"async\" src=\"https:\/\/camtra.org.br\/wp-content\/uploads\/2026\/08\/barraca-lgbt-150x150.jpg\" title=\"31\/08, a CAMTRA ocupa o Saara para fortalecer direitos, combater a lesbofobia e celebrar a exist\u00eancia e a resist\u00eancia l\u00e9sbica\" style=\"height:150px;width:150px\"><\/a><\/div><span class=\"title\"><a href=\"https:\/\/camtra.org.br\/index.php\/2026\/08\/28\/31-08-a-camtra-ocupa-o-saara-para-fortalecer-direitos-combater-a-lesbofobia-e-celebrar-a-existencia-e-a-resistencia-lesbica\/\" target=\"\" rel=\" noopener\">31\/08, a CAMTRA ocupa o Saara para fortalecer direitos, combater a lesbofobia e celebrar a exist\u00eancia e a resist\u00eancia l\u00e9sbica<\/a><\/span><div class=\"rss_content\" style=\"\"><p>Na pr\u00f3xima segunda-feira (31\/08), a CAMTRA ocupa o Saara para fortalecer direitos, combater a lesbofobia e celebrar a exist\u00eancia e a resist\u00eancia l\u00e9sbica, comemorando o Dia Nacional da Visibilidade L\u00e9sbica!<\/p><\/div><\/li><li  style=\"padding: 15px 0 25px\" class=\"rss_item\"><div class=\"rss_image\" style=\"height:150px;width:150px;\"><a href=\"https:\/\/camtra.org.br\/index.php\/2026\/08\/28\/encontro-estadual-do-para-do-projeto-mulheres-em-rede-promovendo-cuidado-e-autonomia-economica-realizado-no-ponto-de-cultura-mocoham-na-ilha-do-combu-em-belem\/\" target=\"\" rel=\" noopener\" title=\"Encontro Estadual do Par\u00e1 do projeto Mulheres em Rede promovendo cuidado e autonomia econ\u00f4mica, realizado no Ponto de Cultura Mocoham, na Ilha do Combu, em Bel\u00e9m.\" style=\"height:150px;width:150px;\"><img decoding=\"async\" src=\"https:\/\/camtra.org.br\/wp-content\/uploads\/2026\/08\/capa-150x150.webp\" title=\"Encontro Estadual do Par\u00e1 do projeto Mulheres em Rede promovendo cuidado e autonomia econ\u00f4mica, realizado no Ponto de Cultura Mocoham, na Ilha do Combu, em Bel\u00e9m.\" style=\"height:150px;width:150px\"><\/a><\/div><span class=\"title\"><a href=\"https:\/\/camtra.org.br\/index.php\/2026\/08\/28\/encontro-estadual-do-para-do-projeto-mulheres-em-rede-promovendo-cuidado-e-autonomia-economica-realizado-no-ponto-de-cultura-mocoham-na-ilha-do-combu-em-belem\/\" target=\"\" rel=\" noopener\">Encontro Estadual do Par\u00e1 do projeto Mulheres em Rede promovendo cuidado e autonomia econ\u00f4mica, realizado no Ponto de Cultura Mocoham, na Ilha do Combu, em Bel\u00e9m.<\/a><\/span><div class=\"rss_content\" style=\"\"><p>Ap\u00f3s a din\u00e2mica de apresenta\u00e7\u00e3o, foi realizada uma roda de conversa de aprendizados coletivos e debate com as participantes. Tamb\u00e9m contamos com a media\u00e7\u00e3o do conto \u201cF\u00e1tima, a fiandeira\u201d, do<\/p><\/div><\/li><li  style=\"padding: 15px 0 25px\" class=\"rss_item\"><div class=\"rss_image\" style=\"height:150px;width:150px;\"><a href=\"https:\/\/camtra.org.br\/index.php\/2026\/08\/27\/segundo-dia-do-encontro-estadual-do-para-do-projeto-mulheres-em-rede-promovendo-cuidado-e-autonomia-economica\/\" target=\"\" rel=\" noopener\" title=\"Segundo dia do Encontro Estadual do Par\u00e1 do projeto Mulheres em Rede promovendo cuidado e autonomia econ\u00f4mica\" style=\"height:150px;width:150px;\"><img decoding=\"async\" src=\"https:\/\/camtra.org.br\/wp-content\/uploads\/2026\/08\/segundo-dia-para-150x150.png\" title=\"Segundo dia do Encontro Estadual do Par\u00e1 do projeto Mulheres em Rede promovendo cuidado e autonomia econ\u00f4mica\" style=\"height:150px;width:150px\"><\/a><\/div><span class=\"title\"><a href=\"https:\/\/camtra.org.br\/index.php\/2026\/08\/27\/segundo-dia-do-encontro-estadual-do-para-do-projeto-mulheres-em-rede-promovendo-cuidado-e-autonomia-economica\/\" target=\"\" rel=\" noopener\">Segundo dia do Encontro Estadual do Par\u00e1 do projeto Mulheres em Rede promovendo cuidado e autonomia econ\u00f4mica<\/a><\/span><div class=\"rss_content\" style=\"\"><p>O segundo dia do Encontro Estadual do Par\u00e1 do projeto Mulheres em Rede promovendo cuidado e autonomia econ\u00f4mica come\u00e7ou com a feira para exposi\u00e7\u00e3o e comercializa\u00e7\u00e3o dos produtos produzidos pela<\/p><\/div><\/li><li  style=\"padding: 15px 0 25px\" class=\"rss_item\"><div class=\"rss_image\" style=\"height:150px;width:150px;\"><a href=\"https:\/\/camtra.org.br\/index.php\/2026\/08\/26\/primeiro-dia-do-encontro-estadual-do-para-do-projeto-mulheres-em-rede-promovendo-cuidado-e-autonomia-economica\/\" target=\"\" rel=\" noopener\" title=\"Primeiro dia do Encontro Estadual do Par\u00e1 do projeto Mulheres em Rede promovendo cuidado e autonomia econ\u00f4mica\" style=\"height:150px;width:150px;\"><img decoding=\"async\" src=\"https:\/\/camtra.org.br\/wp-content\/uploads\/2026\/08\/para--150x150.png\" title=\"Primeiro dia do Encontro Estadual do Par\u00e1 do projeto Mulheres em Rede promovendo cuidado e autonomia econ\u00f4mica\" style=\"height:150px;width:150px\"><\/a><\/div><span class=\"title\"><a href=\"https:\/\/camtra.org.br\/index.php\/2026\/08\/26\/primeiro-dia-do-encontro-estadual-do-para-do-projeto-mulheres-em-rede-promovendo-cuidado-e-autonomia-economica\/\" target=\"\" rel=\" noopener\">Primeiro dia do Encontro Estadual do Par\u00e1 do projeto Mulheres em Rede promovendo cuidado e autonomia econ\u00f4mica<\/a><\/span><div class=\"rss_content\" style=\"\"><p>Primeiro dia do Encontro Estadual do Par\u00e1 do projeto Mulheres em Rede promovendo cuidado e autonomia econ\u00f4mica, realizado no Ponto de Cultura Mocoham\u00a0@mocoham2011, na Ilha do Combu, em Bel\u00e9m. Ap\u00f3s<\/p><\/div><\/li><li  style=\"padding: 15px 0 25px\" class=\"rss_item\"><div class=\"rss_image\" style=\"height:150px;width:150px;\"><a href=\"https:\/\/camtra.org.br\/index.php\/2026\/08\/23\/nota-de-falecimento\/\" target=\"\" rel=\" noopener\" title=\"Nota de falecimento\" style=\"height:150px;width:150px;\"><img decoding=\"async\" src=\"https:\/\/camtra.org.br\/wp-content\/uploads\/2026\/08\/pesar-150x150.jpg\" title=\"Nota de falecimento\" style=\"height:150px;width:150px\"><\/a><\/div><span class=\"title\"><a href=\"https:\/\/camtra.org.br\/index.php\/2026\/08\/23\/nota-de-falecimento\/\" target=\"\" rel=\" noopener\">Nota de falecimento<\/a><\/span><div class=\"rss_content\" style=\"\"><p>\u00c9 com muita tristeza que comunicamos o falecimento da nossa associada Maria Ang\u00e9lica de Jesus, a Tia Ang\u00e9lica, que nos deixou ontem, dia 22\/08. Ela foi uma amiga para todas<\/p><\/div><\/li><li  style=\"padding: 15px 0 25px\" class=\"rss_item\"><div class=\"rss_image\" style=\"height:150px;width:150px;\"><a href=\"https:\/\/camtra.org.br\/index.php\/2026\/08\/21\/roda-de-conversa-agosto-lilas\/\" target=\"\" rel=\" noopener\" title=\"Roda de conversa- Agosto Lil\u00e1s\" style=\"height:150px;width:150px;\"><img decoding=\"async\" src=\"https:\/\/camtra.org.br\/wp-content\/uploads\/2026\/08\/agosto-lilas-8-150x150.jpg\" title=\"Roda de conversa- Agosto Lil\u00e1s\" style=\"height:150px;width:150px\"><\/a><\/div><span class=\"title\"><a href=\"https:\/\/camtra.org.br\/index.php\/2026\/08\/21\/roda-de-conversa-agosto-lilas\/\" target=\"\" rel=\" noopener\">Roda de conversa- Agosto Lil\u00e1s<\/a><\/span><div class=\"rss_content\" style=\"\"><p>Roda de conversa sobre \u201cAgosto Lil\u00e1s: conscientiza\u00e7\u00e3o e enfrentamento \u00e0 viol\u00eancia contra a mulher\u201d com as integrantes da Vila Ol\u00edmpica de Ramos.A atividade faz parte das a\u00e7\u00f5es do projeto As<\/p><\/div><\/li><li  style=\"padding: 15px 0 25px\" class=\"rss_item\"><div class=\"rss_image\" style=\"height:150px;width:150px;\"><a href=\"https:\/\/camtra.org.br\/index.php\/2026\/08\/21\/assembleia-ordinaria-prestacao-de-contas-exercicio-de-2025\/\" target=\"\" rel=\" noopener\" title=\"Assembleia Ordin\u00e1ria Presta\u00e7\u00e3o de Contas \u2013 Exerc\u00edcio de 2025\" style=\"height:150px;width:150px;\"><img decoding=\"async\" src=\"https:\/\/camtra.org.br\/wp-content\/uploads\/2026\/08\/assembleia-zoom-150x150.jpg\" title=\"Assembleia Ordin\u00e1ria Presta\u00e7\u00e3o de Contas \u2013 Exerc\u00edcio de 2025\" style=\"height:150px;width:150px\"><\/a><\/div><span class=\"title\"><a href=\"https:\/\/camtra.org.br\/index.php\/2026\/08\/21\/assembleia-ordinaria-prestacao-de-contas-exercicio-de-2025\/\" target=\"\" rel=\" noopener\">Assembleia Ordin\u00e1ria Presta\u00e7\u00e3o de Contas \u2013 Exerc\u00edcio de 2025<\/a><\/span><div class=\"rss_content\" style=\"\"><p>Na noite de hoje (21\/08), a Camtra realizou a Assembleia Ordin\u00e1ria Presta\u00e7\u00e3o de Contas \u2013 Exerc\u00edcio de 2025, com a participa\u00e7\u00e3o de suas associadas. Na pauta, foram apresentados os seguintes<\/p><\/div><\/li><li  style=\"padding: 15px 0 25px\" class=\"rss_item\"><div class=\"rss_image\" style=\"height:150px;width:150px;\"><a href=\"https:\/\/camtra.org.br\/index.php\/2026\/08\/20\/assembleia-ordinaria-de-prestacao-de-contas\/\" target=\"\" rel=\" noopener\" title=\"ASSEMBLEIA ORDIN\u00c1RIA DE PRESTA\u00c7\u00c3O DE CONTAS\" style=\"height:150px;width:150px;\"><img decoding=\"async\" src=\"https:\/\/camtra.org.br\/wp-content\/uploads\/2026\/08\/edital-camtra-150x150.jpg\" title=\"ASSEMBLEIA ORDIN\u00c1RIA DE PRESTA\u00c7\u00c3O DE CONTAS\" style=\"height:150px;width:150px\"><\/a><\/div><span class=\"title\"><a href=\"https:\/\/camtra.org.br\/index.php\/2026\/08\/20\/assembleia-ordinaria-de-prestacao-de-contas\/\" target=\"\" rel=\" noopener\">ASSEMBLEIA ORDIN\u00c1RIA DE PRESTA\u00c7\u00c3O DE CONTAS<\/a><\/span><div class=\"rss_content\" style=\"\"><p>A Casa da Mulher Trabalhadora \u2013 Camtra convoca suas associadas a participarem da Assembleia Ordin\u00e1ria Presta\u00e7\u00e3o de Contas \u2013 Exerc\u00edcio de 2025, que ocorrer\u00e1 no dia 21 de agosto de<\/p><\/div><\/li><li  style=\"padding: 15px 0 25px\" class=\"rss_item\"><div class=\"rss_image\" style=\"height:150px;width:150px;\"><a href=\"https:\/\/camtra.org.br\/index.php\/2026\/08\/20\/camtra-indica-livro-poemas-dos-becos-de-goias-e-estorias-mais\/\" target=\"\" rel=\" noopener\" title=\"Camtra Indica Livro: Poemas dos becos de Goi\u00e1s e est\u00f3rias mais\" style=\"height:150px;width:150px;\"><img decoding=\"async\" src=\"https:\/\/camtra.org.br\/wp-content\/uploads\/2026\/08\/cora-coralina-150x150.jpg\" title=\"Camtra Indica Livro: Poemas dos becos de Goi\u00e1s e est\u00f3rias mais\" style=\"height:150px;width:150px\"><\/a><\/div><span class=\"title\"><a href=\"https:\/\/camtra.org.br\/index.php\/2026\/08\/20\/camtra-indica-livro-poemas-dos-becos-de-goias-e-estorias-mais\/\" target=\"\" rel=\" noopener\">Camtra Indica Livro: Poemas dos becos de Goi\u00e1s e est\u00f3rias mais<\/a><\/span><div class=\"rss_content\" style=\"\"><p>Cora Coralina, pseud\u00f4nimo de Anna Lins dos Guimar\u00e3es Peixoto Bretas, publicou seu primeiro livro, \u201cPoemas dos becos de Goi\u00e1s e est\u00f3rias mais\u201d, em 1965, aos 76 anos. A obra \u00e9<\/p><\/div><\/li><\/ul> <\/div><style type=\"text\/css\" media=\"all\">.feedzy-rss .rss_item .rss_image{float:left;position:relative;border:none;text-decoration:none;max-width:100%}.feedzy-rss .rss_item .rss_image span{display:inline-block;position:absolute;width:100%;height:100%;background-position:50%;background-size:cover}.feedzy-rss .rss_item .rss_image{margin:.3em 1em 0 0;content-visibility:auto}.feedzy-rss ul{list-style:none}.feedzy-rss ul li{display:inline-block}<\/style>\t\t\t\t<\/div>\n\t\t\t\t<\/div>\n\t\t\t\t\t<\/div>\n\t\t\t\t<\/div>\n\t\t\t\t<\/div>\n\t\t","protected":false},"excerpt":{"rendered":"<p>A equipe CAMTRA disponibiliza os feeds\u00a0para facilitar a vida de visitantes do nosso site. Com os web feeds, voc\u00ea se atualiza sobre as mais recentes novidades no site da CAMTRA [&hellip;]<\/p>\n","protected":false},"author":3,"featured_media":0,"comment_status":"open","ping_status":"open","sticky":false,"template":"","format":"standard","meta":{"om_disable_all_campaigns":false,"_uf_show_specific_survey":0,"_uf_disable_surveys":false,"ocean_front_end_style_editor":"no","ocean_post_layout":"","ocean_both_sidebars_style":"","ocean_both_sidebars_content_width":0,"ocean_both_sidebars_sidebars_width":0,"ocean_sidebar":"","ocean_second_sidebar":"","ocean_disable_margins":"enable","ocean_add_body_class":"","ocean_shortcode_before_top_bar":"","ocean_shortcode_after_top_bar":"","ocean_shortcode_before_header":"","ocean_shortcode_after_header":"","ocean_has_shortcode":"","ocean_shortcode_after_title":"","ocean_shortcode_before_footer_widgets":"","ocean_shortcode_after_footer_widgets":"","ocean_shortcode_before_footer_bottom":"","ocean_shortcode_after_footer_bottom":"","ocean_display_top_bar":"default","ocean_display_header":"default","ocean_header_style":"","ocean_center_header_left_menu":"","ocean_custom_header_template":"","ocean_custom_logo":0,"ocean_custom_retina_logo":0,"ocean_custom_logo_max_width":0,"ocean_custom_logo_tablet_max_width":0,"ocean_custom_logo_mobile_max_width":0,"ocean_custom_logo_max_height":0,"ocean_custom_logo_tablet_max_height":0,"ocean_custom_logo_mobile_max_height":0,"ocean_header_custom_menu":"","ocean_menu_typo_font_family":"","ocean_menu_typo_font_subset":"","ocean_menu_typo_font_size":0,"ocean_menu_typo_font_size_tablet":0,"ocean_menu_typo_font_size_mobile":0,"ocean_menu_typo_font_size_unit":"px","ocean_menu_typo_font_weight":"","ocean_menu_typo_font_weight_tablet":"","ocean_menu_typo_font_weight_mobile":"","ocean_menu_typo_transform":"","ocean_menu_typo_transform_tablet":"","ocean_menu_typo_transform_mobile":"","ocean_menu_typo_line_height":0,"ocean_menu_typo_line_height_tablet":0,"ocean_menu_typo_line_height_mobile":0,"ocean_menu_typo_line_height_unit":"","ocean_menu_typo_spacing":0,"ocean_menu_typo_spacing_tablet":0,"ocean_menu_typo_spacing_mobile":0,"ocean_menu_typo_spacing_unit":"","ocean_menu_link_color":"","ocean_menu_link_color_hover":"","ocean_menu_link_color_active":"","ocean_menu_link_background":"","ocean_menu_link_hover_background":"","ocean_menu_link_active_background":"","ocean_menu_social_links_bg":"","ocean_menu_social_hover_links_bg":"","ocean_menu_social_links_color":"","ocean_menu_social_hover_links_color":"","ocean_disable_title":"default","ocean_disable_heading":"default","ocean_post_title":"","ocean_post_subheading":"","ocean_post_title_style":"","ocean_post_title_background_color":"","ocean_post_title_background":0,"ocean_post_title_bg_image_position":"","ocean_post_title_bg_image_attachment":"","ocean_post_title_bg_image_repeat":"","ocean_post_title_bg_image_size":"","ocean_post_title_height":0,"ocean_post_title_bg_overlay":0.5,"ocean_post_title_bg_overlay_color":"","ocean_disable_breadcrumbs":"default","ocean_breadcrumbs_color":"","ocean_breadcrumbs_separator_color":"","ocean_breadcrumbs_links_color":"","ocean_breadcrumbs_links_hover_color":"","ocean_display_footer_widgets":"default","ocean_display_footer_bottom":"default","ocean_custom_footer_template":"","ocean_post_oembed":"","ocean_post_self_hosted_media":"","ocean_post_video_embed":"","ocean_link_format":"","ocean_link_format_target":"self","ocean_quote_format":"","ocean_quote_format_link":"post","ocean_gallery_link_images":"on","ocean_gallery_id":[],"footnotes":""},"categories":[1],"tags":[],"class_list":["post-14467","post","type-post","status-publish","format-standard","hentry","category-blog","entry"],"_links":{"self":[{"href":"https:\/\/camtra.org.br\/index.php\/wp-json\/wp\/v2\/posts\/14467","targetHints":{"allow":["GET"]}}],"collection":[{"href":"https:\/\/camtra.org.br\/index.php\/wp-json\/wp\/v2\/posts"}],"about":[{"href":"https:\/\/camtra.org.br\/index.php\/wp-json\/wp\/v2\/types\/post"}],"author":[{"embeddable":true,"href":"https:\/\/camtra.org.br\/index.php\/wp-json\/wp\/v2\/users\/3"}],"replies":[{"embeddable":true,"href":"https:\/\/camtra.org.br\/index.php\/wp-json\/wp\/v2\/comments?post=14467"}],"version-history":[{"count":11,"href":"https:\/\/camtra.org.br\/index.php\/wp-json\/wp\/v2\/posts\/14467\/revisions"}],"predecessor-version":[{"id":15312,"href":"https:\/\/camtra.org.br\/index.php\/wp-json\/wp\/v2\/posts\/14467\/revisions\/15312"}],"wp:attachment":[{"href":"https:\/\/camtra.org.br\/index.php\/wp-json\/wp\/v2\/media?parent=14467"}],"wp:term":[{"taxonomy":"category","embeddable":true,"href":"https:\/\/camtra.org.br\/index.php\/wp-json\/wp\/v2\/categories?post=14467"},{"taxonomy":"post_tag","embeddable":true,"href":"https:\/\/camtra.org.br\/index.php\/wp-json\/wp\/v2\/tags?post=14467"}],"curies":[{"name":"wp","href":"https:\/\/api.w.org\/{rel}","templated":true}]}}