{"id":15703,"date":"2026-04-22T01:25:16","date_gmt":"2026-04-22T04:25:16","guid":{"rendered":"https:\/\/camtra.org.br\/?p=15703"},"modified":"2026-04-29T01:38:21","modified_gmt":"2026-04-29T04:38:21","slug":"camtra-indica-revista-trabalho-tempo-e-vidas-das-mulheres","status":"publish","type":"post","link":"https:\/\/camtra.org.br\/index.php\/2026\/04\/22\/camtra-indica-revista-trabalho-tempo-e-vidas-das-mulheres\/","title":{"rendered":"Camtra Indica  Revista: Trabalho, Tempo e Vidas das Mulheres"},"content":{"rendered":"<div id=\"fb-root\"><\/div>\n\n<p class=\"has-medium-font-size\">Em 2009, a <strong>Camtra<\/strong> realizou a pesquisa <strong>\u201cRetrato das Mulheres Trabalhadoras\u201d<\/strong>, com 127 trabalhadoras da Saara (Sociedade de Amigos das Adjac\u00eancias da Rua da Alf\u00e2ndega), maior centro de com\u00e9rcio popular a c\u00e9u aberto da Cidade do Rio de Janeiro, com aproximadamente 700 lojas.<\/p>\n\n\n\n<p class=\"has-medium-font-size\">Os dados da pesquisa deram origem \u00e0 revista <strong>\u201cTrabalho, tempo e vida das Mulheres\u201d<\/strong>, tamb\u00e9m organizada pela<strong> Camtra<\/strong>, que apresenta a realidade vivenciada pelas mulheres comerci\u00e1rias no ano de 2009.<\/p>\n\n\n\n<p class=\"has-medium-font-size\">Um dos fatos que mais chamava aten\u00e7\u00e3o era a falta de tempo das mulheres para conseguirem fazer atividades fora da rotina de trabalho e cuidados com a casa e a fam\u00edlia. Al\u00e9m da invisibilidade do trabalho dom\u00e9stico e\/ou de cuidado realizado pelas mulheres em casa, uma realidade que infelizmente n\u00e3o mudou muito de 2009 para c\u00e1.<\/p>\n\n\n\n<p class=\"has-medium-font-size\">Confira um resumo da pesquisa no carrossel. Arraste para o lado! <\/p>\n\n\n\n<p class=\"has-medium-font-size\">A revista est\u00e1 dispon\u00edvel na p\u00e1gina da Camtra:<br><a href=\"https:\/\/camtra.org.br\/index.php\/nosso-trabalho\/publicacoes\/#flipbook-df_12797\/1\/\">https:\/\/camtra.org.br\/index.php\/nosso-trabalho\/publicacoes\/#flipbook-df_12797\/1\/<\/a><\/p>\n\n\n\n<p class=\"has-medium-font-size\"><a href=\"https:\/\/www.instagram.com\/explore\/tags\/camtraindica\/\">#camtraindica<\/a><a href=\"https:\/\/www.instagram.com\/explore\/tags\/camtra\/\">#camtra<\/a><a href=\"https:\/\/www.instagram.com\/explore\/tags\/camtra29anos\/\">#camtra29anos<\/a><a href=\"https:\/\/www.instagram.com\/explore\/tags\/direitosdasmulheres\/\">#direitosdasmulheres<\/a><a href=\"https:\/\/www.instagram.com\/explore\/tags\/trabalhotempoevidasdasmulheres\/\">#trabalhotempoevidasdasmulheres<\/a><\/p>\n\n\n\n<p class=\"has-medium-font-size\"><a href=\"https:\/\/www.instagram.com\/explore\/tags\/paratodasverem\/\">#ParaTodasVerem<\/a>&nbsp;Card com fundo roxo texturizado, com s\u00edmbolo da V\u00eanus com a rosa da Camtra no canto superior esquerdo, ao lado de um banner verde com a inscri\u00e7\u00e3o \u201cCamtra Indica\u201d. No canto superior direito, em um banner magenta, est\u00e1 escrito: \u201cEdi\u00e7\u00e3o especial de anivers\u00e1rio\u201d. Logo abaixo, no canto esquerdo, l\u00ea-se: \u201cRevista Trabalho, Tempo e Vidas das Mulheres \u2013 Camtra \u2013 2009\u201d. No lado direito, est\u00e1 capa de revista em uma moldura branca com bal\u00f5es de anivers\u00e1rio cor de rosa. Abaixo, centralizado, h\u00e1 um QR Code com o convite \u201cApoie a Camtra \u2013 Fa\u00e7a sua doa\u00e7\u00e3o! PIX: camtra@camtra.org.br\u201d. Abaixo, sobre uma faixa clara, est\u00e1 o logotipo da Camtra com a frase: \u201c29 anos na luta pelos direitos das meninas e das mulheres!\u201d seguida dos \u00edcones das redes sociais e a p\u00e1gina na internet da organiza\u00e7\u00e3o.<\/p>\n\n\n\n<figure class=\"wp-block-gallery has-nested-images columns-default is-cropped wp-block-gallery-1 is-layout-flex wp-block-gallery-is-layout-flex\">\n<figure class=\"wp-block-image size-large\"><img data-dominant-color=\"845378\" data-has-transparency=\"false\" style=\"--dominant-color: #845378;\" fetchpriority=\"high\" decoding=\"async\" width=\"819\" height=\"1024\" sizes=\"(max-width: 819px) 100vw, 819px\" data-id=\"15705\" src=\"https:\/\/camtra.org.br\/wp-content\/uploads\/2026\/04\/revista-trabalho-e-tempo-2-819x1024.jpg\" alt=\"\" class=\"wp-image-15705 not-transparent\" srcset=\"https:\/\/camtra.org.br\/wp-content\/uploads\/2026\/04\/revista-trabalho-e-tempo-2-819x1024.jpg 819w, https:\/\/camtra.org.br\/wp-content\/uploads\/2026\/04\/revista-trabalho-e-tempo-2-240x300.jpg 240w, https:\/\/camtra.org.br\/wp-content\/uploads\/2026\/04\/revista-trabalho-e-tempo-2-768x960.jpg 768w, https:\/\/camtra.org.br\/wp-content\/uploads\/2026\/04\/revista-trabalho-e-tempo-2.jpg 1080w\" \/><\/figure>\n\n\n\n<figure class=\"wp-block-image size-large\"><img data-dominant-color=\"835278\" data-has-transparency=\"false\" style=\"--dominant-color: #835278;\" decoding=\"async\" width=\"819\" height=\"1024\" sizes=\"(max-width: 819px) 100vw, 819px\" data-id=\"15711\" src=\"https:\/\/camtra.org.br\/wp-content\/uploads\/2026\/04\/revista-trabalho-e-tempo-3-819x1024.jpg\" alt=\"\" class=\"wp-image-15711 not-transparent\" srcset=\"https:\/\/camtra.org.br\/wp-content\/uploads\/2026\/04\/revista-trabalho-e-tempo-3-819x1024.jpg 819w, https:\/\/camtra.org.br\/wp-content\/uploads\/2026\/04\/revista-trabalho-e-tempo-3-240x300.jpg 240w, https:\/\/camtra.org.br\/wp-content\/uploads\/2026\/04\/revista-trabalho-e-tempo-3-768x960.jpg 768w, https:\/\/camtra.org.br\/wp-content\/uploads\/2026\/04\/revista-trabalho-e-tempo-3.jpg 1080w\" \/><\/figure>\n\n\n\n<figure class=\"wp-block-image size-large\"><img data-dominant-color=\"815077\" data-has-transparency=\"false\" style=\"--dominant-color: #815077;\" decoding=\"async\" width=\"819\" height=\"1024\" sizes=\"(max-width: 819px) 100vw, 819px\" data-id=\"15706\" src=\"https:\/\/camtra.org.br\/wp-content\/uploads\/2026\/04\/revista-trabalho-e-tempo-4-819x1024.jpg\" alt=\"\" class=\"wp-image-15706 not-transparent\" srcset=\"https:\/\/camtra.org.br\/wp-content\/uploads\/2026\/04\/revista-trabalho-e-tempo-4-819x1024.jpg 819w, https:\/\/camtra.org.br\/wp-content\/uploads\/2026\/04\/revista-trabalho-e-tempo-4-240x300.jpg 240w, https:\/\/camtra.org.br\/wp-content\/uploads\/2026\/04\/revista-trabalho-e-tempo-4-768x960.jpg 768w, https:\/\/camtra.org.br\/wp-content\/uploads\/2026\/04\/revista-trabalho-e-tempo-4.jpg 1080w\" \/><\/figure>\n\n\n\n<figure class=\"wp-block-image size-large\"><img data-dominant-color=\"835378\" data-has-transparency=\"false\" style=\"--dominant-color: #835378;\" loading=\"lazy\" decoding=\"async\" width=\"819\" height=\"1024\" sizes=\"(max-width: 819px) 100vw, 819px\" data-id=\"15707\" src=\"https:\/\/camtra.org.br\/wp-content\/uploads\/2026\/04\/revista-trabalho-e-tempo-5-819x1024.jpg\" alt=\"\" class=\"wp-image-15707 not-transparent\" srcset=\"https:\/\/camtra.org.br\/wp-content\/uploads\/2026\/04\/revista-trabalho-e-tempo-5-819x1024.jpg 819w, https:\/\/camtra.org.br\/wp-content\/uploads\/2026\/04\/revista-trabalho-e-tempo-5-240x300.jpg 240w, https:\/\/camtra.org.br\/wp-content\/uploads\/2026\/04\/revista-trabalho-e-tempo-5-768x960.jpg 768w, https:\/\/camtra.org.br\/wp-content\/uploads\/2026\/04\/revista-trabalho-e-tempo-5.jpg 1080w\" \/><\/figure>\n\n\n\n<figure class=\"wp-block-image size-large\"><img data-dominant-color=\"845478\" data-has-transparency=\"false\" style=\"--dominant-color: #845478;\" loading=\"lazy\" decoding=\"async\" width=\"819\" height=\"1024\" sizes=\"(max-width: 819px) 100vw, 819px\" data-id=\"15708\" src=\"https:\/\/camtra.org.br\/wp-content\/uploads\/2026\/04\/revista-trabalho-e-tempo-6-819x1024.jpg\" alt=\"\" class=\"wp-image-15708 not-transparent\" srcset=\"https:\/\/camtra.org.br\/wp-content\/uploads\/2026\/04\/revista-trabalho-e-tempo-6-819x1024.jpg 819w, https:\/\/camtra.org.br\/wp-content\/uploads\/2026\/04\/revista-trabalho-e-tempo-6-240x300.jpg 240w, https:\/\/camtra.org.br\/wp-content\/uploads\/2026\/04\/revista-trabalho-e-tempo-6-768x960.jpg 768w, https:\/\/camtra.org.br\/wp-content\/uploads\/2026\/04\/revista-trabalho-e-tempo-6.jpg 1080w\" \/><\/figure>\n\n\n\n<figure class=\"wp-block-image size-large\"><img data-dominant-color=\"825277\" data-has-transparency=\"false\" style=\"--dominant-color: #825277;\" loading=\"lazy\" decoding=\"async\" width=\"819\" height=\"1024\" sizes=\"(max-width: 819px) 100vw, 819px\" data-id=\"15709\" src=\"https:\/\/camtra.org.br\/wp-content\/uploads\/2026\/04\/revista-trabalho-e-tempo-7-819x1024.jpg\" alt=\"\" class=\"wp-image-15709 not-transparent\" srcset=\"https:\/\/camtra.org.br\/wp-content\/uploads\/2026\/04\/revista-trabalho-e-tempo-7-819x1024.jpg 819w, https:\/\/camtra.org.br\/wp-content\/uploads\/2026\/04\/revista-trabalho-e-tempo-7-240x300.jpg 240w, https:\/\/camtra.org.br\/wp-content\/uploads\/2026\/04\/revista-trabalho-e-tempo-7-768x960.jpg 768w, https:\/\/camtra.org.br\/wp-content\/uploads\/2026\/04\/revista-trabalho-e-tempo-7.jpg 1080w\" \/><\/figure>\n\n\n\n<figure class=\"wp-block-image size-large\"><img data-dominant-color=\"855578\" data-has-transparency=\"false\" style=\"--dominant-color: #855578;\" loading=\"lazy\" decoding=\"async\" width=\"819\" height=\"1024\" sizes=\"(max-width: 819px) 100vw, 819px\" data-id=\"15712\" src=\"https:\/\/camtra.org.br\/wp-content\/uploads\/2026\/04\/revista-trabalho-e-tempo-8-819x1024.jpg\" alt=\"\" class=\"wp-image-15712 not-transparent\" srcset=\"https:\/\/camtra.org.br\/wp-content\/uploads\/2026\/04\/revista-trabalho-e-tempo-8-819x1024.jpg 819w, https:\/\/camtra.org.br\/wp-content\/uploads\/2026\/04\/revista-trabalho-e-tempo-8-240x300.jpg 240w, https:\/\/camtra.org.br\/wp-content\/uploads\/2026\/04\/revista-trabalho-e-tempo-8-768x960.jpg 768w, https:\/\/camtra.org.br\/wp-content\/uploads\/2026\/04\/revista-trabalho-e-tempo-8.jpg 1080w\" \/><\/figure>\n\n\n\n<figure class=\"wp-block-image size-large\"><img data-dominant-color=\"865779\" data-has-transparency=\"false\" style=\"--dominant-color: #865779;\" loading=\"lazy\" decoding=\"async\" width=\"819\" height=\"1024\" sizes=\"(max-width: 819px) 100vw, 819px\" data-id=\"15713\" src=\"https:\/\/camtra.org.br\/wp-content\/uploads\/2026\/04\/revista-trabalho-e-tempo-9-819x1024.jpg\" alt=\"\" class=\"wp-image-15713 not-transparent\" srcset=\"https:\/\/camtra.org.br\/wp-content\/uploads\/2026\/04\/revista-trabalho-e-tempo-9-819x1024.jpg 819w, https:\/\/camtra.org.br\/wp-content\/uploads\/2026\/04\/revista-trabalho-e-tempo-9-240x300.jpg 240w, https:\/\/camtra.org.br\/wp-content\/uploads\/2026\/04\/revista-trabalho-e-tempo-9-768x960.jpg 768w, https:\/\/camtra.org.br\/wp-content\/uploads\/2026\/04\/revista-trabalho-e-tempo-9.jpg 1080w\" \/><\/figure>\n\n\n\n<figure class=\"wp-block-image size-large\"><img data-dominant-color=\"713a63\" data-has-transparency=\"false\" style=\"--dominant-color: #713a63;\" loading=\"lazy\" decoding=\"async\" width=\"819\" height=\"1024\" sizes=\"(max-width: 819px) 100vw, 819px\" data-id=\"15710\" src=\"https:\/\/camtra.org.br\/wp-content\/uploads\/2026\/04\/revista-trabalho-e-tempo-10-819x1024.jpg\" alt=\"\" class=\"wp-image-15710 not-transparent\" srcset=\"https:\/\/camtra.org.br\/wp-content\/uploads\/2026\/04\/revista-trabalho-e-tempo-10-819x1024.jpg 819w, https:\/\/camtra.org.br\/wp-content\/uploads\/2026\/04\/revista-trabalho-e-tempo-10-240x300.jpg 240w, https:\/\/camtra.org.br\/wp-content\/uploads\/2026\/04\/revista-trabalho-e-tempo-10-768x960.jpg 768w, https:\/\/camtra.org.br\/wp-content\/uploads\/2026\/04\/revista-trabalho-e-tempo-10.jpg 1080w\" \/><\/figure>\n<\/figure>\n","protected":false},"excerpt":{"rendered":"<p>Em 2009, a Camtra realizou a pesquisa \u201cRetrato das Mulheres Trabalhadoras\u201d, com 127 trabalhadoras da Saara (Sociedade de Amigos das Adjac\u00eancias da Rua da Alf\u00e2ndega), maior centro de com\u00e9rcio popular [&hellip;]<\/p>\n","protected":false},"author":2,"featured_media":15704,"comment_status":"open","ping_status":"open","sticky":false,"template":"","format":"standard","meta":{"om_disable_all_campaigns":false,"_uf_show_specific_survey":0,"_uf_disable_surveys":false,"ocean_post_layout":"","ocean_both_sidebars_style":"","ocean_both_sidebars_content_width":0,"ocean_both_sidebars_sidebars_width":0,"ocean_sidebar":"","ocean_second_sidebar":"","ocean_disable_margins":"enable","ocean_add_body_class":"","ocean_shortcode_before_top_bar":"","ocean_shortcode_after_top_bar":"","ocean_shortcode_before_header":"","ocean_shortcode_after_header":"","ocean_has_shortcode":"","ocean_shortcode_after_title":"","ocean_shortcode_before_footer_widgets":"","ocean_shortcode_after_footer_widgets":"","ocean_shortcode_before_footer_bottom":"","ocean_shortcode_after_footer_bottom":"","ocean_display_top_bar":"default","ocean_display_header":"default","ocean_header_style":"","ocean_center_header_left_menu":"","ocean_custom_header_template":"","ocean_custom_logo":0,"ocean_custom_retina_logo":0,"ocean_custom_logo_max_width":0,"ocean_custom_logo_tablet_max_width":0,"ocean_custom_logo_mobile_max_width":0,"ocean_custom_logo_max_height":0,"ocean_custom_logo_tablet_max_height":0,"ocean_custom_logo_mobile_max_height":0,"ocean_header_custom_menu":"","ocean_menu_typo_font_family":"","ocean_menu_typo_font_subset":"","ocean_menu_typo_font_size":0,"ocean_menu_typo_font_size_tablet":0,"ocean_menu_typo_font_size_mobile":0,"ocean_menu_typo_font_size_unit":"px","ocean_menu_typo_font_weight":"","ocean_menu_typo_font_weight_tablet":"","ocean_menu_typo_font_weight_mobile":"","ocean_menu_typo_transform":"","ocean_menu_typo_transform_tablet":"","ocean_menu_typo_transform_mobile":"","ocean_menu_typo_line_height":0,"ocean_menu_typo_line_height_tablet":0,"ocean_menu_typo_line_height_mobile":0,"ocean_menu_typo_line_height_unit":"","ocean_menu_typo_spacing":0,"ocean_menu_typo_spacing_tablet":0,"ocean_menu_typo_spacing_mobile":0,"ocean_menu_typo_spacing_unit":"","ocean_menu_link_color":"","ocean_menu_link_color_hover":"","ocean_menu_link_color_active":"","ocean_menu_link_background":"","ocean_menu_link_hover_background":"","ocean_menu_link_active_background":"","ocean_menu_social_links_bg":"","ocean_menu_social_hover_links_bg":"","ocean_menu_social_links_color":"","ocean_menu_social_hover_links_color":"","ocean_disable_title":"default","ocean_disable_heading":"default","ocean_post_title":"","ocean_post_subheading":"","ocean_post_title_style":"","ocean_post_title_background_color":"","ocean_post_title_background":0,"ocean_post_title_bg_image_position":"","ocean_post_title_bg_image_attachment":"","ocean_post_title_bg_image_repeat":"","ocean_post_title_bg_image_size":"","ocean_post_title_height":0,"ocean_post_title_bg_overlay":0.5,"ocean_post_title_bg_overlay_color":"","ocean_disable_breadcrumbs":"default","ocean_breadcrumbs_color":"","ocean_breadcrumbs_separator_color":"","ocean_breadcrumbs_links_color":"","ocean_breadcrumbs_links_hover_color":"","ocean_display_footer_widgets":"default","ocean_display_footer_bottom":"default","ocean_custom_footer_template":"","ocean_post_oembed":"","ocean_post_self_hosted_media":"","ocean_post_video_embed":"","ocean_link_format":"","ocean_link_format_target":"self","ocean_quote_format":"","ocean_quote_format_link":"post","ocean_gallery_link_images":"on","ocean_gallery_id":[],"footnotes":""},"categories":[27],"tags":[13,800,743,801,807],"class_list":["post-15703","post","type-post","status-publish","format-standard","has-post-thumbnail","hentry","category-noticias","tag-camtra","tag-camtra29anos","tag-camtraindica-2","tag-direitodasmulheres","tag-trabalhotempoevidasdasmulheres","entry","has-media"],"_links":{"self":[{"href":"https:\/\/camtra.org.br\/index.php\/wp-json\/wp\/v2\/posts\/15703","targetHints":{"allow":["GET"]}}],"collection":[{"href":"https:\/\/camtra.org.br\/index.php\/wp-json\/wp\/v2\/posts"}],"about":[{"href":"https:\/\/camtra.org.br\/index.php\/wp-json\/wp\/v2\/types\/post"}],"author":[{"embeddable":true,"href":"https:\/\/camtra.org.br\/index.php\/wp-json\/wp\/v2\/users\/2"}],"replies":[{"embeddable":true,"href":"https:\/\/camtra.org.br\/index.php\/wp-json\/wp\/v2\/comments?post=15703"}],"version-history":[{"count":1,"href":"https:\/\/camtra.org.br\/index.php\/wp-json\/wp\/v2\/posts\/15703\/revisions"}],"predecessor-version":[{"id":15714,"href":"https:\/\/camtra.org.br\/index.php\/wp-json\/wp\/v2\/posts\/15703\/revisions\/15714"}],"wp:featuredmedia":[{"embeddable":true,"href":"https:\/\/camtra.org.br\/index.php\/wp-json\/wp\/v2\/media\/15704"}],"wp:attachment":[{"href":"https:\/\/camtra.org.br\/index.php\/wp-json\/wp\/v2\/media?parent=15703"}],"wp:term":[{"taxonomy":"category","embeddable":true,"href":"https:\/\/camtra.org.br\/index.php\/wp-json\/wp\/v2\/categories?post=15703"},{"taxonomy":"post_tag","embeddable":true,"href":"https:\/\/camtra.org.br\/index.php\/wp-json\/wp\/v2\/tags?post=15703"}],"curies":[{"name":"wp","href":"https:\/\/api.w.org\/{rel}","templated":true}]}}