{"id":15722,"date":"2026-04-24T02:05:06","date_gmt":"2026-04-24T05:05:06","guid":{"rendered":"https:\/\/camtra.org.br\/?p=15722"},"modified":"2026-04-29T02:13:37","modified_gmt":"2026-04-29T05:13:37","slug":"camtra-indica-documentario-as-mulheres-e-a-copa","status":"publish","type":"post","link":"https:\/\/camtra.org.br\/index.php\/2026\/04\/24\/camtra-indica-documentario-as-mulheres-e-a-copa\/","title":{"rendered":"\u00a0Camtra Indica  Document\u00e1rio: As Mulheres e a Copa"},"content":{"rendered":"<div id=\"fb-root\"><\/div>\n\n<p class=\"has-medium-font-size\">Voc\u00ea j\u00e1 conhece nosso document\u00e1rio \u201cAs Mulheres e a Copa\u201d?<\/p>\n\n\n\n<p class=\"has-medium-font-size\">Em <strong>2014<\/strong>, ano em que o Brasil sediou a <strong>Copa do Mundo de Futebol Masculino<\/strong>, a <strong>Camtra <\/strong>documentou o impacto desse evento na vida das mulheres no Rio de Janeiro. Em um curta de 20 minutos, entrevistamos <strong>14 mulheres<\/strong> cariocas revelam como foi o m\u00eas do megaevento para vendedoras de rua, empreendedoras, prostitutas, ativistas, artistas e moradoras de favelas.<\/p>\n\n\n\n<p class=\"has-medium-font-size\">Veja nosso document\u00e1rio completo e inscreva-se no nosso canal: <a href=\"https:\/\/www.youtube.com\/watch?v=TVABZtpGYAc&amp;t=12s\">https:\/\/www.youtube.com\/watch?v=TVABZtpGYAc&amp;t=12s<\/a><\/p>\n\n\n\n<p><a href=\"https:\/\/www.instagram.com\/explore\/tags\/camtraindica\/\">#camtraindica<\/a><a href=\"https:\/\/www.instagram.com\/explore\/tags\/camtra\/\">#camtra<\/a><a href=\"https:\/\/www.instagram.com\/explore\/tags\/camtra29anos\/\">#camtra29anos<\/a><a href=\"https:\/\/www.instagram.com\/explore\/tags\/direitosdasmulheres\/\">#direitosdasmulheres<\/a><a href=\"https:\/\/www.instagram.com\/explore\/tags\/asmulhereseacopa\/\">#asmulhereseacopa<\/a><\/p>\n\n\n\n<p class=\"has-medium-font-size\"><a href=\"https:\/\/www.instagram.com\/explore\/tags\/paratodasverem\/\">#ParaTodasVerem<\/a>&nbsp;Card com fundo roxo texturizado, com s\u00edmbolo da V\u00eanus com a rosa da Camtra no canto superior esquerdo, ao lado de um banner verde com a inscri\u00e7\u00e3o \u201cCamtra Indica\u201d. No canto superior direito, em um banner magenta, est\u00e1 escrito: \u201cEdi\u00e7\u00e3o especial de anivers\u00e1rio\u201d. Logo abaixo, no canto esquerdo, est\u00e1 o seguinte texto: \u201cDocument\u00e1rio: As Mulheres e a Copa \u2013 Camtra \u2013 2014\u201d. J\u00e1 do lado direito, est\u00e1 uma foto retirada do document\u00e1rio \u201cAs Mulheres e a Copa\u201d, em uma moldura branca com bal\u00f5es de anivers\u00e1rio cor de rosa. Logo abaixo, ao centro, h\u00e1 um QR Code com o convite \u201cApoie a Camtra \u2013 Fa\u00e7a sua doa\u00e7\u00e3o! PIX: camtra@camtra.org.br\u201d. Abaixo, sobre uma faixa clara, est\u00e1 o logotipo da Camtra com a frase: \u201c29 anos na luta pelos direitos das meninas e das mulheres!\u201d seguida dos \u00edcones das redes sociais e a p\u00e1gina na internet da organiza\u00e7\u00e3o.<\/p>\n\n\n\n<figure class=\"wp-block-video\"><video height=\"900\" style=\"aspect-ratio: 720 \/ 900;\" width=\"720\" controls src=\"https:\/\/camtra.org.br\/wp-content\/uploads\/2026\/04\/mulheres-e-a-copa.mp4\"><\/video><\/figure>\n","protected":false},"excerpt":{"rendered":"<p>Voc\u00ea j\u00e1 conhece nosso document\u00e1rio \u201cAs Mulheres e a Copa\u201d? Em 2014, ano em que o Brasil sediou a Copa do Mundo de Futebol Masculino, a Camtra documentou o impacto [&hellip;]<\/p>\n","protected":false},"author":2,"featured_media":15723,"comment_status":"open","ping_status":"open","sticky":false,"template":"","format":"standard","meta":{"om_disable_all_campaigns":false,"_uf_show_specific_survey":0,"_uf_disable_surveys":false,"ocean_post_layout":"","ocean_both_sidebars_style":"","ocean_both_sidebars_content_width":0,"ocean_both_sidebars_sidebars_width":0,"ocean_sidebar":"","ocean_second_sidebar":"","ocean_disable_margins":"enable","ocean_add_body_class":"","ocean_shortcode_before_top_bar":"","ocean_shortcode_after_top_bar":"","ocean_shortcode_before_header":"","ocean_shortcode_after_header":"","ocean_has_shortcode":"","ocean_shortcode_after_title":"","ocean_shortcode_before_footer_widgets":"","ocean_shortcode_after_footer_widgets":"","ocean_shortcode_before_footer_bottom":"","ocean_shortcode_after_footer_bottom":"","ocean_display_top_bar":"default","ocean_display_header":"default","ocean_header_style":"","ocean_center_header_left_menu":"","ocean_custom_header_template":"","ocean_custom_logo":0,"ocean_custom_retina_logo":0,"ocean_custom_logo_max_width":0,"ocean_custom_logo_tablet_max_width":0,"ocean_custom_logo_mobile_max_width":0,"ocean_custom_logo_max_height":0,"ocean_custom_logo_tablet_max_height":0,"ocean_custom_logo_mobile_max_height":0,"ocean_header_custom_menu":"","ocean_menu_typo_font_family":"","ocean_menu_typo_font_subset":"","ocean_menu_typo_font_size":0,"ocean_menu_typo_font_size_tablet":0,"ocean_menu_typo_font_size_mobile":0,"ocean_menu_typo_font_size_unit":"px","ocean_menu_typo_font_weight":"","ocean_menu_typo_font_weight_tablet":"","ocean_menu_typo_font_weight_mobile":"","ocean_menu_typo_transform":"","ocean_menu_typo_transform_tablet":"","ocean_menu_typo_transform_mobile":"","ocean_menu_typo_line_height":0,"ocean_menu_typo_line_height_tablet":0,"ocean_menu_typo_line_height_mobile":0,"ocean_menu_typo_line_height_unit":"","ocean_menu_typo_spacing":0,"ocean_menu_typo_spacing_tablet":0,"ocean_menu_typo_spacing_mobile":0,"ocean_menu_typo_spacing_unit":"","ocean_menu_link_color":"","ocean_menu_link_color_hover":"","ocean_menu_link_color_active":"","ocean_menu_link_background":"","ocean_menu_link_hover_background":"","ocean_menu_link_active_background":"","ocean_menu_social_links_bg":"","ocean_menu_social_hover_links_bg":"","ocean_menu_social_links_color":"","ocean_menu_social_hover_links_color":"","ocean_disable_title":"default","ocean_disable_heading":"default","ocean_post_title":"","ocean_post_subheading":"","ocean_post_title_style":"","ocean_post_title_background_color":"","ocean_post_title_background":0,"ocean_post_title_bg_image_position":"","ocean_post_title_bg_image_attachment":"","ocean_post_title_bg_image_repeat":"","ocean_post_title_bg_image_size":"","ocean_post_title_height":0,"ocean_post_title_bg_overlay":0.5,"ocean_post_title_bg_overlay_color":"","ocean_disable_breadcrumbs":"default","ocean_breadcrumbs_color":"","ocean_breadcrumbs_separator_color":"","ocean_breadcrumbs_links_color":"","ocean_breadcrumbs_links_hover_color":"","ocean_display_footer_widgets":"default","ocean_display_footer_bottom":"default","ocean_custom_footer_template":"","ocean_post_oembed":"","ocean_post_self_hosted_media":"","ocean_post_video_embed":"","ocean_link_format":"","ocean_link_format_target":"self","ocean_quote_format":"","ocean_quote_format_link":"post","ocean_gallery_link_images":"on","ocean_gallery_id":[],"footnotes":""},"categories":[27],"tags":[13,800,743,801],"class_list":["post-15722","post","type-post","status-publish","format-standard","has-post-thumbnail","hentry","category-noticias","tag-camtra","tag-camtra29anos","tag-camtraindica-2","tag-direitodasmulheres","entry","has-media"],"_links":{"self":[{"href":"https:\/\/camtra.org.br\/index.php\/wp-json\/wp\/v2\/posts\/15722","targetHints":{"allow":["GET"]}}],"collection":[{"href":"https:\/\/camtra.org.br\/index.php\/wp-json\/wp\/v2\/posts"}],"about":[{"href":"https:\/\/camtra.org.br\/index.php\/wp-json\/wp\/v2\/types\/post"}],"author":[{"embeddable":true,"href":"https:\/\/camtra.org.br\/index.php\/wp-json\/wp\/v2\/users\/2"}],"replies":[{"embeddable":true,"href":"https:\/\/camtra.org.br\/index.php\/wp-json\/wp\/v2\/comments?post=15722"}],"version-history":[{"count":1,"href":"https:\/\/camtra.org.br\/index.php\/wp-json\/wp\/v2\/posts\/15722\/revisions"}],"predecessor-version":[{"id":15725,"href":"https:\/\/camtra.org.br\/index.php\/wp-json\/wp\/v2\/posts\/15722\/revisions\/15725"}],"wp:featuredmedia":[{"embeddable":true,"href":"https:\/\/camtra.org.br\/index.php\/wp-json\/wp\/v2\/media\/15723"}],"wp:attachment":[{"href":"https:\/\/camtra.org.br\/index.php\/wp-json\/wp\/v2\/media?parent=15722"}],"wp:term":[{"taxonomy":"category","embeddable":true,"href":"https:\/\/camtra.org.br\/index.php\/wp-json\/wp\/v2\/categories?post=15722"},{"taxonomy":"post_tag","embeddable":true,"href":"https:\/\/camtra.org.br\/index.php\/wp-json\/wp\/v2\/tags?post=15722"}],"curies":[{"name":"wp","href":"https:\/\/api.w.org\/{rel}","templated":true}]}}