{"id":15726,"date":"2026-04-24T02:15:09","date_gmt":"2026-04-24T05:15:09","guid":{"rendered":"https:\/\/camtra.org.br\/?p=15726"},"modified":"2026-04-29T02:20:21","modified_gmt":"2026-04-29T05:20:21","slug":"barraca-de-aniversario-da-camtra-29-anos","status":"publish","type":"post","link":"https:\/\/camtra.org.br\/index.php\/2026\/04\/24\/barraca-de-aniversario-da-camtra-29-anos\/","title":{"rendered":"Barraca de Anivers\u00e1rio da Camtra \u2013 29 anos\u00a0"},"content":{"rendered":"<div id=\"fb-root\"><\/div>\n\n<p class=\"has-medium-font-size\">N\u00e3o \u00e9 todo dia que se <strong>celebra 29 anos de hist\u00f3ria<\/strong>, luta e constru\u00e7\u00e3o coletiva. A <strong>Camtra<\/strong> chega a esse marco reafirmando sua miss\u00e3o de ir ao encontro das mulheres com a perspectiva de colaborar para a promo\u00e7\u00e3o de seus direitos e o fortalecimento de sua autonomia, tendo em vista a constru\u00e7\u00e3o de uma <strong>sociedade justa e igualit\u00e1ria<\/strong>.<\/p>\n\n\n\n<p class=\"has-medium-font-size\">Para comemorar, estaremos na Saara com nossa Barraca de Direitos, compartilhando saberes e viv\u00eancias, fortalecendo redes e celebrando tudo o que constru\u00edmos juntas ao longo dessa trajet\u00f3ria.<\/p>\n\n\n\n<p class=\"has-medium-font-size\">\u2728 Vem comemorar com a gente!<\/p>\n\n\n\n<p class=\"has-medium-font-size\">\ud83d\udcc5 30 de abril<br>\u23f0 Das 11h \u00e0s 14h<br>\ud83d\udccd Rua da Alf\u00e2ndega, esquina com Av. Passos, 91 (Saara)<\/p>\n\n\n\n<p><a href=\"https:\/\/www.instagram.com\/explore\/tags\/camtra\/\">#camtra<\/a><a href=\"https:\/\/www.instagram.com\/explore\/tags\/camtra29anos\/\">#camtra29anos<\/a><a href=\"https:\/\/www.instagram.com\/explore\/tags\/barracadedireitos\/\">#barracadedireitos<\/a><a href=\"https:\/\/www.instagram.com\/explore\/tags\/barracadacamtra\/\">#barracadacamtra<\/a><a href=\"https:\/\/www.instagram.com\/explore\/tags\/direitosdasmulheres\/\">#direitosdasmulheres<\/a><a href=\"https:\/\/www.instagram.com\/explore\/tags\/todamulher%C3%A9trabalhadora\/\">#todamulher\u00e9trabalhadora<\/a><\/p>\n\n\n\n<p class=\"has-medium-font-size\"><a href=\"https:\/\/www.instagram.com\/explore\/tags\/paratodasverem\/\">#ParaTodasVerem<\/a>&nbsp;Card com fundo roxo com quatro fotos de atividades da Camtra no topo. Em seguida, est\u00e1 o texto: \u201cBarraca de Anivers\u00e1rio \u2013 Venha comemorar conosco os 29 anos da Camtra &#8211; Dia 30 de abril, das 11h \u00e0s 14h &#8211; Local: Rua da Alf\u00e2ndega, esquina com Av. Passos, 91 \u2013 Saara\u201d. No rodap\u00e9, em uma barra rosa claro est\u00e3o o logotipo da Camtra, os \u00edcones das redes sociais e a p\u00e1gina na internet da organiza\u00e7\u00e3o.<\/p>\n","protected":false},"excerpt":{"rendered":"<p>N\u00e3o \u00e9 todo dia que se celebra 29 anos de hist\u00f3ria, luta e constru\u00e7\u00e3o coletiva. A Camtra chega a esse marco reafirmando sua miss\u00e3o de ir ao encontro das mulheres [&hellip;]<\/p>\n","protected":false},"author":2,"featured_media":15727,"comment_status":"open","ping_status":"open","sticky":false,"template":"","format":"standard","meta":{"om_disable_all_campaigns":false,"_uf_show_specific_survey":0,"_uf_disable_surveys":false,"ocean_post_layout":"","ocean_both_sidebars_style":"","ocean_both_sidebars_content_width":0,"ocean_both_sidebars_sidebars_width":0,"ocean_sidebar":"","ocean_second_sidebar":"","ocean_disable_margins":"enable","ocean_add_body_class":"","ocean_shortcode_before_top_bar":"","ocean_shortcode_after_top_bar":"","ocean_shortcode_before_header":"","ocean_shortcode_after_header":"","ocean_has_shortcode":"","ocean_shortcode_after_title":"","ocean_shortcode_before_footer_widgets":"","ocean_shortcode_after_footer_widgets":"","ocean_shortcode_before_footer_bottom":"","ocean_shortcode_after_footer_bottom":"","ocean_display_top_bar":"default","ocean_display_header":"default","ocean_header_style":"","ocean_center_header_left_menu":"","ocean_custom_header_template":"","ocean_custom_logo":0,"ocean_custom_retina_logo":0,"ocean_custom_logo_max_width":0,"ocean_custom_logo_tablet_max_width":0,"ocean_custom_logo_mobile_max_width":0,"ocean_custom_logo_max_height":0,"ocean_custom_logo_tablet_max_height":0,"ocean_custom_logo_mobile_max_height":0,"ocean_header_custom_menu":"","ocean_menu_typo_font_family":"","ocean_menu_typo_font_subset":"","ocean_menu_typo_font_size":0,"ocean_menu_typo_font_size_tablet":0,"ocean_menu_typo_font_size_mobile":0,"ocean_menu_typo_font_size_unit":"px","ocean_menu_typo_font_weight":"","ocean_menu_typo_font_weight_tablet":"","ocean_menu_typo_font_weight_mobile":"","ocean_menu_typo_transform":"","ocean_menu_typo_transform_tablet":"","ocean_menu_typo_transform_mobile":"","ocean_menu_typo_line_height":0,"ocean_menu_typo_line_height_tablet":0,"ocean_menu_typo_line_height_mobile":0,"ocean_menu_typo_line_height_unit":"","ocean_menu_typo_spacing":0,"ocean_menu_typo_spacing_tablet":0,"ocean_menu_typo_spacing_mobile":0,"ocean_menu_typo_spacing_unit":"","ocean_menu_link_color":"","ocean_menu_link_color_hover":"","ocean_menu_link_color_active":"","ocean_menu_link_background":"","ocean_menu_link_hover_background":"","ocean_menu_link_active_background":"","ocean_menu_social_links_bg":"","ocean_menu_social_hover_links_bg":"","ocean_menu_social_links_color":"","ocean_menu_social_hover_links_color":"","ocean_disable_title":"default","ocean_disable_heading":"default","ocean_post_title":"","ocean_post_subheading":"","ocean_post_title_style":"","ocean_post_title_background_color":"","ocean_post_title_background":0,"ocean_post_title_bg_image_position":"","ocean_post_title_bg_image_attachment":"","ocean_post_title_bg_image_repeat":"","ocean_post_title_bg_image_size":"","ocean_post_title_height":0,"ocean_post_title_bg_overlay":0.5,"ocean_post_title_bg_overlay_color":"","ocean_disable_breadcrumbs":"default","ocean_breadcrumbs_color":"","ocean_breadcrumbs_separator_color":"","ocean_breadcrumbs_links_color":"","ocean_breadcrumbs_links_hover_color":"","ocean_display_footer_widgets":"default","ocean_display_footer_bottom":"default","ocean_custom_footer_template":"","ocean_post_oembed":"","ocean_post_self_hosted_media":"","ocean_post_video_embed":"","ocean_link_format":"","ocean_link_format_target":"self","ocean_quote_format":"","ocean_quote_format_link":"post","ocean_gallery_link_images":"on","ocean_gallery_id":[],"footnotes":""},"categories":[27],"tags":[811,745,13,800,158,812],"class_list":["post-15726","post","type-post","status-publish","format-standard","has-post-thumbnail","hentry","category-noticias","tag-arracadedireitos","tag-barracadacamtra","tag-camtra","tag-camtra29anos","tag-direitosdasmulheres","tag-todamulheretrabalhadora-2","entry","has-media"],"_links":{"self":[{"href":"https:\/\/camtra.org.br\/index.php\/wp-json\/wp\/v2\/posts\/15726","targetHints":{"allow":["GET"]}}],"collection":[{"href":"https:\/\/camtra.org.br\/index.php\/wp-json\/wp\/v2\/posts"}],"about":[{"href":"https:\/\/camtra.org.br\/index.php\/wp-json\/wp\/v2\/types\/post"}],"author":[{"embeddable":true,"href":"https:\/\/camtra.org.br\/index.php\/wp-json\/wp\/v2\/users\/2"}],"replies":[{"embeddable":true,"href":"https:\/\/camtra.org.br\/index.php\/wp-json\/wp\/v2\/comments?post=15726"}],"version-history":[{"count":1,"href":"https:\/\/camtra.org.br\/index.php\/wp-json\/wp\/v2\/posts\/15726\/revisions"}],"predecessor-version":[{"id":15728,"href":"https:\/\/camtra.org.br\/index.php\/wp-json\/wp\/v2\/posts\/15726\/revisions\/15728"}],"wp:featuredmedia":[{"embeddable":true,"href":"https:\/\/camtra.org.br\/index.php\/wp-json\/wp\/v2\/media\/15727"}],"wp:attachment":[{"href":"https:\/\/camtra.org.br\/index.php\/wp-json\/wp\/v2\/media?parent=15726"}],"wp:term":[{"taxonomy":"category","embeddable":true,"href":"https:\/\/camtra.org.br\/index.php\/wp-json\/wp\/v2\/categories?post=15726"},{"taxonomy":"post_tag","embeddable":true,"href":"https:\/\/camtra.org.br\/index.php\/wp-json\/wp\/v2\/tags?post=15726"}],"curies":[{"name":"wp","href":"https:\/\/api.w.org\/{rel}","templated":true}]}}