{"id":15739,"date":"2026-04-27T02:54:17","date_gmt":"2026-04-27T05:54:17","guid":{"rendered":"https:\/\/camtra.org.br\/?p=15739"},"modified":"2026-04-29T02:58:03","modified_gmt":"2026-04-29T05:58:03","slug":"dia-nacional-das-trabalhadoras-domesticas-2","status":"publish","type":"post","link":"https:\/\/camtra.org.br\/index.php\/2026\/04\/27\/dia-nacional-das-trabalhadoras-domesticas-2\/","title":{"rendered":"Dia Nacional das Trabalhadoras Dom\u00e9sticas!"},"content":{"rendered":"<div id=\"fb-root\"><\/div>\n\n<p class=\"has-medium-font-size\">A data marca a luta incessante da categoria por direitos, <strong>respeito e reconhecimento.<\/strong><\/p>\n\n\n\n<p class=\"has-medium-font-size\">Em 2025, o trabalho dom\u00e9stico formal no Brasil seguiu marcado por desigualdades de g\u00eanero, ra\u00e7a, idade e escolaridade, refletindo caracter\u00edsticas hist\u00f3ricas da ocupa\u00e7\u00e3o. A <strong>presen\u00e7a feminina<\/strong> \u00e9 amplamente predominante.<\/p>\n\n\n\n<p class=\"has-medium-font-size\">De acordo com o Sum\u00e1rio Executivo da RAIS\/eSocial, divulgado pelo Minist\u00e9rio do Trabalho e Emprego no dia 10 de abril, as mulheres<strong> representam 88,6% <\/strong>dos v\u00ednculos formais, somando cerca de 1,15 milh\u00e3o de trabalhadoras, enquanto os homens correspondem a apenas 11,4%. O dado refor\u00e7a o car\u00e1ter fortemente feminizado da atividade, tradicionalmente associada \u00e0s <strong>tarefas de cuidado<\/strong> e aos servi\u00e7os do lar.<\/p>\n\n\n\n<p class=\"has-medium-font-size\">Do ponto de vista racial, os dados evidenciam desigualdades hist\u00f3ricas do mercado de trabalho. Pessoas pretas (41,6%) e pardas (13,5%) somam mais da metade (55,1%) da categoria, enquanto pessoas brancas representam 44,5%.<\/p>\n\n\n\n<p class=\"has-medium-font-size\">A distribui\u00e7\u00e3o et\u00e1ria mostra um perfil envelhecido. A maior concentra\u00e7\u00e3o est\u00e1 entre 40 e 59 anos, com destaque para a faixa de 50 a 59 anos (450,5 mil v\u00ednculos).<\/p>\n\n\n\n<p class=\"has-medium-font-size\"><a href=\"https:\/\/www.instagram.com\/explore\/tags\/camtra\/\">#camtra<\/a><a href=\"https:\/\/www.instagram.com\/explore\/tags\/camtra29anos\/\">#camtra29anos<\/a><a href=\"https:\/\/www.instagram.com\/explore\/tags\/direitosdasmulheres\/\">#direitosdasmulheres<\/a><a href=\"https:\/\/www.instagram.com\/explore\/tags\/dianacionaldastrabalhadorasdom%C3%A9sticas\/\">#DiaNacionaldasTrabalhadorasDom\u00e9sticas<\/a><\/p>\n\n\n\n<p class=\"has-medium-font-size\"><a href=\"https:\/\/www.instagram.com\/explore\/tags\/paratodasverem\/\">#ParaTodasVerem<\/a>&nbsp;Carrossel com 4 cards em fundo roxo texturizado. No card 1, est\u00e1 a frase: 27 de abril, Dia Nacional das Trabalhadoras Dom\u00e9sticas. Em seguida, h\u00e1 quatro fotos de atividades da Camtra no Sindicato das Dom\u00e9sticas do Rio de Janeiro. No rodap\u00e9, em uma barra amarelo claro est\u00e3o o logotipo da Camtra, os \u00edcones das redes sociais e a p\u00e1gina na internet da organiza\u00e7\u00e3o. No card 4, h\u00e1 um QR Code com o convite \u201cApoie a Camtra. Fa\u00e7a sua doa\u00e7\u00e3o. Pix: camtra@camtra.org.br\u201d.<\/p>\n\n\n\n<figure class=\"wp-block-gallery has-nested-images columns-default is-cropped wp-block-gallery-1 is-layout-flex wp-block-gallery-is-layout-flex\">\n<figure class=\"wp-block-image size-large\"><img data-dominant-color=\"c5adc0\" data-has-transparency=\"false\" style=\"--dominant-color: #c5adc0;\" fetchpriority=\"high\" decoding=\"async\" width=\"819\" height=\"1024\" sizes=\"(max-width: 819px) 100vw, 819px\" data-id=\"15741\" src=\"https:\/\/camtra.org.br\/wp-content\/uploads\/2026\/04\/dia-domestica-2-819x1024.jpg\" alt=\"\" class=\"wp-image-15741 not-transparent\" srcset=\"https:\/\/camtra.org.br\/wp-content\/uploads\/2026\/04\/dia-domestica-2-819x1024.jpg 819w, https:\/\/camtra.org.br\/wp-content\/uploads\/2026\/04\/dia-domestica-2-240x300.jpg 240w, https:\/\/camtra.org.br\/wp-content\/uploads\/2026\/04\/dia-domestica-2-768x960.jpg 768w, https:\/\/camtra.org.br\/wp-content\/uploads\/2026\/04\/dia-domestica-2.jpg 1080w\" \/><\/figure>\n\n\n\n<figure class=\"wp-block-image size-large\"><img data-dominant-color=\"b99bb6\" data-has-transparency=\"false\" style=\"--dominant-color: #b99bb6;\" decoding=\"async\" width=\"819\" height=\"1024\" sizes=\"(max-width: 819px) 100vw, 819px\" data-id=\"15742\" src=\"https:\/\/camtra.org.br\/wp-content\/uploads\/2026\/04\/dia-domestica-3-819x1024.jpg\" alt=\"\" class=\"wp-image-15742 not-transparent\" srcset=\"https:\/\/camtra.org.br\/wp-content\/uploads\/2026\/04\/dia-domestica-3-819x1024.jpg 819w, https:\/\/camtra.org.br\/wp-content\/uploads\/2026\/04\/dia-domestica-3-240x300.jpg 240w, https:\/\/camtra.org.br\/wp-content\/uploads\/2026\/04\/dia-domestica-3-768x960.jpg 768w, https:\/\/camtra.org.br\/wp-content\/uploads\/2026\/04\/dia-domestica-3.jpg 1080w\" \/><\/figure>\n\n\n\n<figure class=\"wp-block-image size-large\"><img data-dominant-color=\"926684\" data-has-transparency=\"false\" style=\"--dominant-color: #926684;\" decoding=\"async\" width=\"819\" height=\"1024\" sizes=\"(max-width: 819px) 100vw, 819px\" data-id=\"15743\" src=\"https:\/\/camtra.org.br\/wp-content\/uploads\/2026\/04\/dia-domestica-4-819x1024.jpg\" alt=\"\" class=\"wp-image-15743 not-transparent\" srcset=\"https:\/\/camtra.org.br\/wp-content\/uploads\/2026\/04\/dia-domestica-4-819x1024.jpg 819w, https:\/\/camtra.org.br\/wp-content\/uploads\/2026\/04\/dia-domestica-4-240x300.jpg 240w, https:\/\/camtra.org.br\/wp-content\/uploads\/2026\/04\/dia-domestica-4-768x960.jpg 768w, https:\/\/camtra.org.br\/wp-content\/uploads\/2026\/04\/dia-domestica-4.jpg 1080w\" \/><\/figure>\n<\/figure>\n","protected":false},"excerpt":{"rendered":"<p>A data marca a luta incessante da categoria por direitos, respeito e reconhecimento. Em 2025, o trabalho dom\u00e9stico formal no Brasil seguiu marcado por desigualdades de g\u00eanero, ra\u00e7a, idade e [&hellip;]<\/p>\n","protected":false},"author":2,"featured_media":15740,"comment_status":"open","ping_status":"open","sticky":false,"template":"","format":"standard","meta":{"om_disable_all_campaigns":false,"_uf_show_specific_survey":0,"_uf_disable_surveys":false,"ocean_post_layout":"","ocean_both_sidebars_style":"","ocean_both_sidebars_content_width":0,"ocean_both_sidebars_sidebars_width":0,"ocean_sidebar":"","ocean_second_sidebar":"","ocean_disable_margins":"enable","ocean_add_body_class":"","ocean_shortcode_before_top_bar":"","ocean_shortcode_after_top_bar":"","ocean_shortcode_before_header":"","ocean_shortcode_after_header":"","ocean_has_shortcode":"","ocean_shortcode_after_title":"","ocean_shortcode_before_footer_widgets":"","ocean_shortcode_after_footer_widgets":"","ocean_shortcode_before_footer_bottom":"","ocean_shortcode_after_footer_bottom":"","ocean_display_top_bar":"default","ocean_display_header":"default","ocean_header_style":"","ocean_center_header_left_menu":"","ocean_custom_header_template":"","ocean_custom_logo":0,"ocean_custom_retina_logo":0,"ocean_custom_logo_max_width":0,"ocean_custom_logo_tablet_max_width":0,"ocean_custom_logo_mobile_max_width":0,"ocean_custom_logo_max_height":0,"ocean_custom_logo_tablet_max_height":0,"ocean_custom_logo_mobile_max_height":0,"ocean_header_custom_menu":"","ocean_menu_typo_font_family":"","ocean_menu_typo_font_subset":"","ocean_menu_typo_font_size":0,"ocean_menu_typo_font_size_tablet":0,"ocean_menu_typo_font_size_mobile":0,"ocean_menu_typo_font_size_unit":"px","ocean_menu_typo_font_weight":"","ocean_menu_typo_font_weight_tablet":"","ocean_menu_typo_font_weight_mobile":"","ocean_menu_typo_transform":"","ocean_menu_typo_transform_tablet":"","ocean_menu_typo_transform_mobile":"","ocean_menu_typo_line_height":0,"ocean_menu_typo_line_height_tablet":0,"ocean_menu_typo_line_height_mobile":0,"ocean_menu_typo_line_height_unit":"","ocean_menu_typo_spacing":0,"ocean_menu_typo_spacing_tablet":0,"ocean_menu_typo_spacing_mobile":0,"ocean_menu_typo_spacing_unit":"","ocean_menu_link_color":"","ocean_menu_link_color_hover":"","ocean_menu_link_color_active":"","ocean_menu_link_background":"","ocean_menu_link_hover_background":"","ocean_menu_link_active_background":"","ocean_menu_social_links_bg":"","ocean_menu_social_hover_links_bg":"","ocean_menu_social_links_color":"","ocean_menu_social_hover_links_color":"","ocean_disable_title":"default","ocean_disable_heading":"default","ocean_post_title":"","ocean_post_subheading":"","ocean_post_title_style":"","ocean_post_title_background_color":"","ocean_post_title_background":0,"ocean_post_title_bg_image_position":"","ocean_post_title_bg_image_attachment":"","ocean_post_title_bg_image_repeat":"","ocean_post_title_bg_image_size":"","ocean_post_title_height":0,"ocean_post_title_bg_overlay":0.5,"ocean_post_title_bg_overlay_color":"","ocean_disable_breadcrumbs":"default","ocean_breadcrumbs_color":"","ocean_breadcrumbs_separator_color":"","ocean_breadcrumbs_links_color":"","ocean_breadcrumbs_links_hover_color":"","ocean_display_footer_widgets":"default","ocean_display_footer_bottom":"default","ocean_custom_footer_template":"","ocean_post_oembed":"","ocean_post_self_hosted_media":"","ocean_post_video_embed":"","ocean_link_format":"","ocean_link_format_target":"self","ocean_quote_format":"","ocean_quote_format_link":"post","ocean_gallery_link_images":"on","ocean_gallery_id":[],"footnotes":""},"categories":[27],"tags":[13,800,814,158],"class_list":["post-15739","post","type-post","status-publish","format-standard","has-post-thumbnail","hentry","category-noticias","tag-camtra","tag-camtra29anos","tag-dianacionaldastrabalhadorasdomesticas","tag-direitosdasmulheres","entry","has-media"],"_links":{"self":[{"href":"https:\/\/camtra.org.br\/index.php\/wp-json\/wp\/v2\/posts\/15739","targetHints":{"allow":["GET"]}}],"collection":[{"href":"https:\/\/camtra.org.br\/index.php\/wp-json\/wp\/v2\/posts"}],"about":[{"href":"https:\/\/camtra.org.br\/index.php\/wp-json\/wp\/v2\/types\/post"}],"author":[{"embeddable":true,"href":"https:\/\/camtra.org.br\/index.php\/wp-json\/wp\/v2\/users\/2"}],"replies":[{"embeddable":true,"href":"https:\/\/camtra.org.br\/index.php\/wp-json\/wp\/v2\/comments?post=15739"}],"version-history":[{"count":1,"href":"https:\/\/camtra.org.br\/index.php\/wp-json\/wp\/v2\/posts\/15739\/revisions"}],"predecessor-version":[{"id":15744,"href":"https:\/\/camtra.org.br\/index.php\/wp-json\/wp\/v2\/posts\/15739\/revisions\/15744"}],"wp:featuredmedia":[{"embeddable":true,"href":"https:\/\/camtra.org.br\/index.php\/wp-json\/wp\/v2\/media\/15740"}],"wp:attachment":[{"href":"https:\/\/camtra.org.br\/index.php\/wp-json\/wp\/v2\/media?parent=15739"}],"wp:term":[{"taxonomy":"category","embeddable":true,"href":"https:\/\/camtra.org.br\/index.php\/wp-json\/wp\/v2\/categories?post=15739"},{"taxonomy":"post_tag","embeddable":true,"href":"https:\/\/camtra.org.br\/index.php\/wp-json\/wp\/v2\/tags?post=15739"}],"curies":[{"name":"wp","href":"https:\/\/api.w.org\/{rel}","templated":true}]}}