{"id":15745,"date":"2026-04-28T03:02:16","date_gmt":"2026-04-28T06:02:16","guid":{"rendered":"https:\/\/camtra.org.br\/?p=15745"},"modified":"2026-04-29T03:07:21","modified_gmt":"2026-04-29T06:07:21","slug":"camtra-celebra-seus-29-anos-de-atuacao","status":"publish","type":"post","link":"https:\/\/camtra.org.br\/index.php\/2026\/04\/28\/camtra-celebra-seus-29-anos-de-atuacao\/","title":{"rendered":"Camtra celebra seus 29 anos de atua\u00e7\u00e3o!"},"content":{"rendered":"<div id=\"fb-root\"><\/div>\n\n<p class=\"has-medium-font-size\">A Casa da Mulher Trabalhadora <strong>(Camtra) <\/strong>realiza, no dia 30 de abril, uma atividade especial para celebrar seus 29 anos de atua\u00e7\u00e3o, no centro do Rio de Janeiro. A iniciativa acontece na regi\u00e3o do Saara e \u00e9 aberta ao p\u00fablico.<\/p>\n\n\n\n<p class=\"has-medium-font-size\">A comemora\u00e7\u00e3o re\u00fane mulheres, apoiadores e integrantes da organiza\u00e7\u00e3o em uma <strong>\u201cbarraca de anivers\u00e1rio\u201d<\/strong>, promovendo mobiliza\u00e7\u00e3o social, troca de experi\u00eancias e fortalecimento das pautas feministas e de direitos humanos. O evento marca a trajet\u00f3ria da entidade, reconhecida pela atua\u00e7\u00e3o na defesa de direitos, no enfrentamento \u00e0 viol\u00eancia de g\u00eanero e na promo\u00e7\u00e3o da autonomia das mulheres.<\/p>\n\n\n\n<p class=\"has-medium-font-size\">Ao longo de <strong>quase tr\u00eas d\u00e9cadas<\/strong>, a Camtra se consolidou como uma organiza\u00e7\u00e3o importante na <strong>luta das mulheres trabalhadoras<\/strong>, com a\u00e7\u00f5es de forma\u00e7\u00e3o, acolhimento e incid\u00eancia pol\u00edtica. A institui\u00e7\u00e3o tamb\u00e9m participa de campanhas p\u00fablicas, como o combate ao feminic\u00eddio e a divulga\u00e7\u00e3o de canais de den\u00fancia, como o Ligue 180.<\/p>\n\n\n\n<p class=\"has-medium-font-size\">A celebra\u00e7\u00e3o acontece em um contexto de altos \u00edndices de viol\u00eancia contra a mulher no Brasil, refor\u00e7ando a import\u00e2ncia de iniciativas que ampliem a conscientiza\u00e7\u00e3o e a mobiliza\u00e7\u00e3o social.<\/p>\n\n\n\n<p class=\"has-medium-font-size\">\ud83d\udccd Servi\u00e7o<br>Evento: Anivers\u00e1rio de 29 anos da Camtra<br>\ud83d\udcc5 Data: 30 de abril<br>\u23f0 Hor\u00e1rio: das 11h \u00e0s 14h<br>\ud83d\udccc Local: Rua da Alf\u00e2ndega, esquina com Av. Passos, 91 \u2013 Saara, Centro do Rio de Janeiro<br>\ud83c\udf9f\ufe0f Entrada: gratuita<\/p>\n\n\n\n<p class=\"has-medium-font-size\">\ud83d\udd17 Leia no PortalC3.net<br>E acompanhe mais not\u00edcias pelo nosso canal no WhatsApp: https:\/\/whatsapp.com\/channel\/0029Vb9jrfP4NViqwPI7a63Z<\/p>\n\n\n\n<p><a href=\"https:\/\/www.instagram.com\/explore\/tags\/camtra\/\">#Camtra<\/a><a href=\"https:\/\/www.instagram.com\/explore\/tags\/direitosdasmulheres\/\">#DireitosDasMulheres<\/a><a href=\"https:\/\/www.instagram.com\/explore\/tags\/feminismo\/\">#Feminismo<\/a><a href=\"https:\/\/www.instagram.com\/explore\/tags\/violenciacontramulher\/\">#ViolenciaContraMulher<\/a><a href=\"https:\/\/www.instagram.com\/explore\/tags\/riodejaneiro\/\">#RioDeJaneiro<\/a><a href=\"https:\/\/www.instagram.com\/explore\/tags\/comcausa\/\">#ComCausa<\/a><a href=\"https:\/\/www.instagram.com\/explore\/tags\/defesadavida\/\">#defesadavida<\/a><\/p>\n\n\n\n<p class=\"has-medium-font-size\">Essa pauta faz parte do projeto Comunicando ComCausa, da&nbsp;<a href=\"https:\/\/www.instagram.com\/comcausa.defesadavida\/\">@comcausa.defesadavida<\/a>&nbsp;Ponto de Cultura e Ponto de M\u00eddia Livre da&nbsp;<a href=\"https:\/\/www.instagram.com\/redeculturaviva\/\">@redeculturaviva<\/a>&nbsp;do&nbsp;<a href=\"https:\/\/www.instagram.com\/ministerio_da_cultura_br\/\">@ministerio_da_cultura_br<\/a>&nbsp;e vencedora do pr\u00eamio Periferia Viva do&nbsp;<a href=\"https:\/\/www.instagram.com\/ministeriocidades\/\">@ministeriocidades<\/a><\/p>\n\n\n\n<figure class=\"wp-block-gallery has-nested-images columns-default is-cropped wp-block-gallery-1 is-layout-flex wp-block-gallery-is-layout-flex\">\n<figure class=\"wp-block-image size-large\"><img data-dominant-color=\"a79d9c\" data-has-transparency=\"false\" style=\"--dominant-color: #a79d9c;\" fetchpriority=\"high\" decoding=\"async\" width=\"819\" height=\"1024\" sizes=\"(max-width: 819px) 100vw, 819px\" data-id=\"15751\" src=\"https:\/\/camtra.org.br\/wp-content\/uploads\/2026\/04\/portal-2-819x1024.jpg\" alt=\"\" class=\"wp-image-15751 not-transparent\" srcset=\"https:\/\/camtra.org.br\/wp-content\/uploads\/2026\/04\/portal-2-819x1024.jpg 819w, https:\/\/camtra.org.br\/wp-content\/uploads\/2026\/04\/portal-2-240x300.jpg 240w, https:\/\/camtra.org.br\/wp-content\/uploads\/2026\/04\/portal-2-768x960.jpg 768w, https:\/\/camtra.org.br\/wp-content\/uploads\/2026\/04\/portal-2.jpg 1080w\" \/><\/figure>\n\n\n\n<figure class=\"wp-block-image size-large\"><img data-dominant-color=\"e0e8e2\" data-has-transparency=\"false\" style=\"--dominant-color: #e0e8e2;\" decoding=\"async\" width=\"819\" height=\"1024\" sizes=\"(max-width: 819px) 100vw, 819px\" data-id=\"15748\" src=\"https:\/\/camtra.org.br\/wp-content\/uploads\/2026\/04\/portal-3-819x1024.jpg\" alt=\"\" class=\"wp-image-15748 not-transparent\" srcset=\"https:\/\/camtra.org.br\/wp-content\/uploads\/2026\/04\/portal-3-819x1024.jpg 819w, https:\/\/camtra.org.br\/wp-content\/uploads\/2026\/04\/portal-3-240x300.jpg 240w, https:\/\/camtra.org.br\/wp-content\/uploads\/2026\/04\/portal-3-768x960.jpg 768w, https:\/\/camtra.org.br\/wp-content\/uploads\/2026\/04\/portal-3.jpg 1080w\" \/><\/figure>\n\n\n\n<figure class=\"wp-block-image size-large\"><img data-dominant-color=\"dae2da\" data-has-transparency=\"false\" style=\"--dominant-color: #dae2da;\" decoding=\"async\" width=\"819\" height=\"1024\" sizes=\"(max-width: 819px) 100vw, 819px\" data-id=\"15749\" src=\"https:\/\/camtra.org.br\/wp-content\/uploads\/2026\/04\/portal-4-819x1024.jpg\" alt=\"\" class=\"wp-image-15749 not-transparent\" srcset=\"https:\/\/camtra.org.br\/wp-content\/uploads\/2026\/04\/portal-4-819x1024.jpg 819w, https:\/\/camtra.org.br\/wp-content\/uploads\/2026\/04\/portal-4-240x300.jpg 240w, https:\/\/camtra.org.br\/wp-content\/uploads\/2026\/04\/portal-4-768x960.jpg 768w, https:\/\/camtra.org.br\/wp-content\/uploads\/2026\/04\/portal-4.jpg 1080w\" \/><\/figure>\n\n\n\n<figure class=\"wp-block-image size-large\"><img data-dominant-color=\"ced6d0\" data-has-transparency=\"false\" style=\"--dominant-color: #ced6d0;\" loading=\"lazy\" decoding=\"async\" width=\"819\" height=\"1024\" sizes=\"(max-width: 819px) 100vw, 819px\" data-id=\"15750\" src=\"https:\/\/camtra.org.br\/wp-content\/uploads\/2026\/04\/portal-5-819x1024.jpg\" alt=\"\" class=\"wp-image-15750 not-transparent\" srcset=\"https:\/\/camtra.org.br\/wp-content\/uploads\/2026\/04\/portal-5-819x1024.jpg 819w, https:\/\/camtra.org.br\/wp-content\/uploads\/2026\/04\/portal-5-240x300.jpg 240w, https:\/\/camtra.org.br\/wp-content\/uploads\/2026\/04\/portal-5-768x960.jpg 768w, https:\/\/camtra.org.br\/wp-content\/uploads\/2026\/04\/portal-5.jpg 1080w\" \/><\/figure>\n\n\n\n<figure class=\"wp-block-image size-large\"><img data-dominant-color=\"f8f7f8\" data-has-transparency=\"false\" style=\"--dominant-color: #f8f7f8;\" loading=\"lazy\" decoding=\"async\" width=\"819\" height=\"1024\" sizes=\"(max-width: 819px) 100vw, 819px\" data-id=\"15747\" src=\"https:\/\/camtra.org.br\/wp-content\/uploads\/2026\/04\/portal-6-819x1024.jpg\" alt=\"\" class=\"wp-image-15747 not-transparent\" srcset=\"https:\/\/camtra.org.br\/wp-content\/uploads\/2026\/04\/portal-6-819x1024.jpg 819w, https:\/\/camtra.org.br\/wp-content\/uploads\/2026\/04\/portal-6-240x300.jpg 240w, https:\/\/camtra.org.br\/wp-content\/uploads\/2026\/04\/portal-6-768x960.jpg 768w, https:\/\/camtra.org.br\/wp-content\/uploads\/2026\/04\/portal-6.jpg 1080w\" \/><\/figure>\n<\/figure>\n","protected":false},"excerpt":{"rendered":"<p>A Casa da Mulher Trabalhadora (Camtra) realiza, no dia 30 de abril, uma atividade especial para celebrar seus 29 anos de atua\u00e7\u00e3o, no centro do Rio de Janeiro. A iniciativa [&hellip;]<\/p>\n","protected":false},"author":2,"featured_media":15746,"comment_status":"open","ping_status":"open","sticky":false,"template":"","format":"standard","meta":{"om_disable_all_campaigns":false,"_uf_show_specific_survey":0,"_uf_disable_surveys":false,"ocean_post_layout":"","ocean_both_sidebars_style":"","ocean_both_sidebars_content_width":0,"ocean_both_sidebars_sidebars_width":0,"ocean_sidebar":"","ocean_second_sidebar":"","ocean_disable_margins":"enable","ocean_add_body_class":"","ocean_shortcode_before_top_bar":"","ocean_shortcode_after_top_bar":"","ocean_shortcode_before_header":"","ocean_shortcode_after_header":"","ocean_has_shortcode":"","ocean_shortcode_after_title":"","ocean_shortcode_before_footer_widgets":"","ocean_shortcode_after_footer_widgets":"","ocean_shortcode_before_footer_bottom":"","ocean_shortcode_after_footer_bottom":"","ocean_display_top_bar":"default","ocean_display_header":"default","ocean_header_style":"","ocean_center_header_left_menu":"","ocean_custom_header_template":"","ocean_custom_logo":0,"ocean_custom_retina_logo":0,"ocean_custom_logo_max_width":0,"ocean_custom_logo_tablet_max_width":0,"ocean_custom_logo_mobile_max_width":0,"ocean_custom_logo_max_height":0,"ocean_custom_logo_tablet_max_height":0,"ocean_custom_logo_mobile_max_height":0,"ocean_header_custom_menu":"","ocean_menu_typo_font_family":"","ocean_menu_typo_font_subset":"","ocean_menu_typo_font_size":0,"ocean_menu_typo_font_size_tablet":0,"ocean_menu_typo_font_size_mobile":0,"ocean_menu_typo_font_size_unit":"px","ocean_menu_typo_font_weight":"","ocean_menu_typo_font_weight_tablet":"","ocean_menu_typo_font_weight_mobile":"","ocean_menu_typo_transform":"","ocean_menu_typo_transform_tablet":"","ocean_menu_typo_transform_mobile":"","ocean_menu_typo_line_height":0,"ocean_menu_typo_line_height_tablet":0,"ocean_menu_typo_line_height_mobile":0,"ocean_menu_typo_line_height_unit":"","ocean_menu_typo_spacing":0,"ocean_menu_typo_spacing_tablet":0,"ocean_menu_typo_spacing_mobile":0,"ocean_menu_typo_spacing_unit":"","ocean_menu_link_color":"","ocean_menu_link_color_hover":"","ocean_menu_link_color_active":"","ocean_menu_link_background":"","ocean_menu_link_hover_background":"","ocean_menu_link_active_background":"","ocean_menu_social_links_bg":"","ocean_menu_social_hover_links_bg":"","ocean_menu_social_links_color":"","ocean_menu_social_hover_links_color":"","ocean_disable_title":"default","ocean_disable_heading":"default","ocean_post_title":"","ocean_post_subheading":"","ocean_post_title_style":"","ocean_post_title_background_color":"","ocean_post_title_background":0,"ocean_post_title_bg_image_position":"","ocean_post_title_bg_image_attachment":"","ocean_post_title_bg_image_repeat":"","ocean_post_title_bg_image_size":"","ocean_post_title_height":0,"ocean_post_title_bg_overlay":0.5,"ocean_post_title_bg_overlay_color":"","ocean_disable_breadcrumbs":"default","ocean_breadcrumbs_color":"","ocean_breadcrumbs_separator_color":"","ocean_breadcrumbs_links_color":"","ocean_breadcrumbs_links_hover_color":"","ocean_display_footer_widgets":"default","ocean_display_footer_bottom":"default","ocean_custom_footer_template":"","ocean_post_oembed":"","ocean_post_self_hosted_media":"","ocean_post_video_embed":"","ocean_link_format":"","ocean_link_format_target":"self","ocean_quote_format":"","ocean_quote_format_link":"post","ocean_gallery_link_images":"on","ocean_gallery_id":[],"footnotes":""},"categories":[27],"tags":[13,816,817,158,115,818,819,815],"class_list":["post-15745","post","type-post","status-publish","format-standard","has-post-thumbnail","hentry","category-noticias","tag-camtra","tag-comcausa","tag-defesadavida","tag-direitosdasmulheres","tag-feminismo","tag-ministerio_da_cultura_br","tag-ministeriocidades","tag-violenciacontramulher","entry","has-media"],"_links":{"self":[{"href":"https:\/\/camtra.org.br\/index.php\/wp-json\/wp\/v2\/posts\/15745","targetHints":{"allow":["GET"]}}],"collection":[{"href":"https:\/\/camtra.org.br\/index.php\/wp-json\/wp\/v2\/posts"}],"about":[{"href":"https:\/\/camtra.org.br\/index.php\/wp-json\/wp\/v2\/types\/post"}],"author":[{"embeddable":true,"href":"https:\/\/camtra.org.br\/index.php\/wp-json\/wp\/v2\/users\/2"}],"replies":[{"embeddable":true,"href":"https:\/\/camtra.org.br\/index.php\/wp-json\/wp\/v2\/comments?post=15745"}],"version-history":[{"count":1,"href":"https:\/\/camtra.org.br\/index.php\/wp-json\/wp\/v2\/posts\/15745\/revisions"}],"predecessor-version":[{"id":15752,"href":"https:\/\/camtra.org.br\/index.php\/wp-json\/wp\/v2\/posts\/15745\/revisions\/15752"}],"wp:featuredmedia":[{"embeddable":true,"href":"https:\/\/camtra.org.br\/index.php\/wp-json\/wp\/v2\/media\/15746"}],"wp:attachment":[{"href":"https:\/\/camtra.org.br\/index.php\/wp-json\/wp\/v2\/media?parent=15745"}],"wp:term":[{"taxonomy":"category","embeddable":true,"href":"https:\/\/camtra.org.br\/index.php\/wp-json\/wp\/v2\/categories?post=15745"},{"taxonomy":"post_tag","embeddable":true,"href":"https:\/\/camtra.org.br\/index.php\/wp-json\/wp\/v2\/tags?post=15745"}],"curies":[{"name":"wp","href":"https:\/\/api.w.org\/{rel}","templated":true}]}}