{"id":16286,"date":"2026-08-28T19:08:14","date_gmt":"2026-08-28T22:08:14","guid":{"rendered":"https:\/\/camtra.org.br\/?p=16286"},"modified":"2026-08-31T19:12:39","modified_gmt":"2026-08-31T22:12:39","slug":"31-08-a-camtra-ocupa-o-saara-para-fortalecer-direitos-combater-a-lesbofobia-e-celebrar-a-existencia-e-a-resistencia-lesbica","status":"publish","type":"post","link":"https:\/\/camtra.org.br\/index.php\/2026\/08\/28\/31-08-a-camtra-ocupa-o-saara-para-fortalecer-direitos-combater-a-lesbofobia-e-celebrar-a-existencia-e-a-resistencia-lesbica\/","title":{"rendered":"31\/08, a CAMTRA ocupa o Saara para fortalecer direitos, combater a lesbofobia e celebrar a exist\u00eancia e a resist\u00eancia l\u00e9sbica"},"content":{"rendered":"<div id=\"fb-root\"><\/div>\n\n<p class=\"has-medium-font-size wp-block-paragraph\">Na pr\u00f3xima segunda-feira (31\/08), a CAMTRA ocupa o Saara para fortalecer direitos, combater a lesbofobia e celebrar a exist\u00eancia e a resist\u00eancia l\u00e9sbica, comemorando o Dia Nacional da Visibilidade L\u00e9sbica! <\/p>\n\n\n\n<p class=\"has-medium-font-size wp-block-paragraph\">\ud83d\udccd 31 de agosto | 11h \u00e0s 14h<br>\ud83d\udccc Rua da Alf\u00e2ndega, esquina com Av. Passos, 91 \u2014 Saara, Centro\/RJ.<\/p>\n\n\n\n<p class=\"has-medium-font-size wp-block-paragraph\">Vem com a gente!<\/p>\n\n\n\n<p class=\"has-medium-font-size wp-block-paragraph\"><a href=\"https:\/\/www.instagram.com\/explore\/tags\/camtra29anos\/\">#camtra29anos<\/a><a href=\"https:\/\/www.instagram.com\/explore\/tags\/barracadacamtra\/\">#barracadacamtra<\/a><a href=\"https:\/\/www.instagram.com\/explore\/tags\/visibilidadel%C3%A9sbica\/\">#visibilidadel\u00e9sbica<\/a><\/p>\n\n\n\n<p class=\"has-medium-font-size wp-block-paragraph\"><a href=\"https:\/\/www.instagram.com\/explore\/tags\/paratodasverem\/\">#ParaTodasVerem<\/a>&nbsp;Card com fundo em tons de roxo e rosa. No topo, uma faixa magenta traz, em letras brancas grandes, o t\u00edtulo \u201cBarraca de Direitos\u201d. Abaixo, sobre fundo roxo, est\u00e1 escrito \u201cDia Nacional da Visibilidade L\u00e9sbica\u201d, com a palavra \u201cL\u00e9sbica\u201d em letras grandes e coloridas em tons de amarelo, laranja, branco, rosa e lil\u00e1s. Ao lado, h\u00e1 o s\u00edmbolo de dois espelhos de V\u00eanus entrela\u00e7ados, representando mulheres l\u00e9sbicas. Abaixo, l\u00ea-se \u201c29 de Agosto\u201d. Na parte central, duas fotografias mostram a Barraca de Direitos da CAMTRA. Nas imagens, h\u00e1 pessoas circulando e participando da atividade, bandeiras e tecidos coloridos pendurados e a bandeira magenta da CAMTRA. Na parte inferior, sobre fundo lil\u00e1s, h\u00e1 \u00edcones de calend\u00e1rio e localiza\u00e7\u00e3o. Ao lado do calend\u00e1rio, est\u00e1 escrito: \u201c31 de agosto, das 11h \u00e0s 14h\u201d. Ao lado do \u00edcone de localiza\u00e7\u00e3o: \u201cRua da Alf\u00e2ndega, esquina com Av. Passos, 91. Saara &#8211; Centro\/RJ\u201d. No rodap\u00e9, em uma faixa roda claro, est\u00e1 o logotipo da Camtra, os \u00edcones das redes sociais e a p\u00e1gina na internet da organiza\u00e7\u00e3o.<\/p>\n","protected":false},"excerpt":{"rendered":"<p>Na pr\u00f3xima segunda-feira (31\/08), a CAMTRA ocupa o Saara para fortalecer direitos, combater a lesbofobia e celebrar a exist\u00eancia e a resist\u00eancia l\u00e9sbica, comemorando o Dia Nacional da Visibilidade L\u00e9sbica! [&hellip;]<\/p>\n","protected":false},"author":2,"featured_media":16287,"comment_status":"open","ping_status":"open","sticky":false,"template":"","format":"standard","meta":{"om_disable_all_campaigns":false,"_uf_show_specific_survey":0,"_uf_disable_surveys":false,"ocean_front_end_style_editor":"no","ocean_post_layout":"","ocean_both_sidebars_style":"","ocean_both_sidebars_content_width":0,"ocean_both_sidebars_sidebars_width":0,"ocean_sidebar":"","ocean_second_sidebar":"","ocean_disable_margins":"enable","ocean_add_body_class":"","ocean_shortcode_before_top_bar":"","ocean_shortcode_after_top_bar":"","ocean_shortcode_before_header":"","ocean_shortcode_after_header":"","ocean_has_shortcode":"","ocean_shortcode_after_title":"","ocean_shortcode_before_footer_widgets":"","ocean_shortcode_after_footer_widgets":"","ocean_shortcode_before_footer_bottom":"","ocean_shortcode_after_footer_bottom":"","ocean_display_top_bar":"default","ocean_display_header":"default","ocean_header_style":"","ocean_center_header_left_menu":"","ocean_custom_header_template":"","ocean_custom_logo":0,"ocean_custom_retina_logo":0,"ocean_custom_logo_max_width":0,"ocean_custom_logo_tablet_max_width":0,"ocean_custom_logo_mobile_max_width":0,"ocean_custom_logo_max_height":0,"ocean_custom_logo_tablet_max_height":0,"ocean_custom_logo_mobile_max_height":0,"ocean_header_custom_menu":"","ocean_menu_typo_font_family":"","ocean_menu_typo_font_subset":"","ocean_menu_typo_font_size":0,"ocean_menu_typo_font_size_tablet":0,"ocean_menu_typo_font_size_mobile":0,"ocean_menu_typo_font_size_unit":"px","ocean_menu_typo_font_weight":"","ocean_menu_typo_font_weight_tablet":"","ocean_menu_typo_font_weight_mobile":"","ocean_menu_typo_transform":"","ocean_menu_typo_transform_tablet":"","ocean_menu_typo_transform_mobile":"","ocean_menu_typo_line_height":0,"ocean_menu_typo_line_height_tablet":0,"ocean_menu_typo_line_height_mobile":0,"ocean_menu_typo_line_height_unit":"","ocean_menu_typo_spacing":0,"ocean_menu_typo_spacing_tablet":0,"ocean_menu_typo_spacing_mobile":0,"ocean_menu_typo_spacing_unit":"","ocean_menu_link_color":"","ocean_menu_link_color_hover":"","ocean_menu_link_color_active":"","ocean_menu_link_background":"","ocean_menu_link_hover_background":"","ocean_menu_link_active_background":"","ocean_menu_social_links_bg":"","ocean_menu_social_hover_links_bg":"","ocean_menu_social_links_color":"","ocean_menu_social_hover_links_color":"","ocean_disable_title":"default","ocean_disable_heading":"default","ocean_post_title":"","ocean_post_subheading":"","ocean_post_title_style":"","ocean_post_title_background_color":"","ocean_post_title_background":0,"ocean_post_title_bg_image_position":"","ocean_post_title_bg_image_attachment":"","ocean_post_title_bg_image_repeat":"","ocean_post_title_bg_image_size":"","ocean_post_title_height":0,"ocean_post_title_bg_overlay":0.5,"ocean_post_title_bg_overlay_color":"","ocean_disable_breadcrumbs":"default","ocean_breadcrumbs_color":"","ocean_breadcrumbs_separator_color":"","ocean_breadcrumbs_links_color":"","ocean_breadcrumbs_links_hover_color":"","ocean_display_footer_widgets":"default","ocean_display_footer_bottom":"default","ocean_custom_footer_template":"","ocean_post_oembed":"","ocean_post_self_hosted_media":"","ocean_post_video_embed":"","ocean_link_format":"","ocean_link_format_target":"self","ocean_quote_format":"","ocean_quote_format_link":"post","ocean_gallery_link_images":"on","ocean_gallery_id":[],"footnotes":""},"categories":[27],"tags":[745,13,800],"class_list":["post-16286","post","type-post","status-publish","format-standard","has-post-thumbnail","hentry","category-noticias","tag-barracadacamtra","tag-camtra","tag-camtra29anos","entry","has-media"],"_links":{"self":[{"href":"https:\/\/camtra.org.br\/index.php\/wp-json\/wp\/v2\/posts\/16286","targetHints":{"allow":["GET"]}}],"collection":[{"href":"https:\/\/camtra.org.br\/index.php\/wp-json\/wp\/v2\/posts"}],"about":[{"href":"https:\/\/camtra.org.br\/index.php\/wp-json\/wp\/v2\/types\/post"}],"author":[{"embeddable":true,"href":"https:\/\/camtra.org.br\/index.php\/wp-json\/wp\/v2\/users\/2"}],"replies":[{"embeddable":true,"href":"https:\/\/camtra.org.br\/index.php\/wp-json\/wp\/v2\/comments?post=16286"}],"version-history":[{"count":1,"href":"https:\/\/camtra.org.br\/index.php\/wp-json\/wp\/v2\/posts\/16286\/revisions"}],"predecessor-version":[{"id":16288,"href":"https:\/\/camtra.org.br\/index.php\/wp-json\/wp\/v2\/posts\/16286\/revisions\/16288"}],"wp:featuredmedia":[{"embeddable":true,"href":"https:\/\/camtra.org.br\/index.php\/wp-json\/wp\/v2\/media\/16287"}],"wp:attachment":[{"href":"https:\/\/camtra.org.br\/index.php\/wp-json\/wp\/v2\/media?parent=16286"}],"wp:term":[{"taxonomy":"category","embeddable":true,"href":"https:\/\/camtra.org.br\/index.php\/wp-json\/wp\/v2\/categories?post=16286"},{"taxonomy":"post_tag","embeddable":true,"href":"https:\/\/camtra.org.br\/index.php\/wp-json\/wp\/v2\/tags?post=16286"}],"curies":[{"name":"wp","href":"https:\/\/api.w.org\/{rel}","templated":true}]}}