{"id":16289,"date":"2026-08-29T19:18:46","date_gmt":"2026-08-29T22:18:46","guid":{"rendered":"https:\/\/camtra.org.br\/?p=16289"},"modified":"2026-08-31T19:29:06","modified_gmt":"2026-08-31T22:29:06","slug":"29-de-agosto-dia-nacional-da-visibilidade-lesbica","status":"publish","type":"post","link":"https:\/\/camtra.org.br\/index.php\/2026\/08\/29\/29-de-agosto-dia-nacional-da-visibilidade-lesbica\/","title":{"rendered":"29 de Agosto  Dia Nacional da Visibilidade L\u00e9sbica\u00a0"},"content":{"rendered":"<div id=\"fb-root\"><\/div>\n\n<p class=\"has-medium-font-size wp-block-paragraph\">Visibilizar \u00e9 reconhecer hist\u00f3rias, afetos, corpos e lutas, enfrentando o <strong>silenciamento<\/strong> imposto pela lesbofobia. \u00c9 honrar aquelas que vieram antes e relembrar mulheres como Cassandra Rios e Rosely Roth, que marcaram a hist\u00f3ria do movimento l\u00e9sbico no Brasil.<\/p>\n\n\n\n<p class=\"has-medium-font-size wp-block-paragraph\">Mas tamb\u00e9m significa garantir presen\u00e7a e representatividade nos diversos espa\u00e7os p\u00fablicos, inclusive na pol\u00edtica. Em um ano <strong>eleitoral<\/strong>, ampliar a participa\u00e7\u00e3o de mulheres <strong>l\u00e9sbicas<\/strong> nos espa\u00e7os de poder \u00e9 fortalecer a democracia e construir uma <strong>sociedade<\/strong> mais plural, justa e igualit\u00e1ria.<\/p>\n\n\n\n<p class=\"has-medium-font-size wp-block-paragraph\">Nas Elei\u00e7\u00f5es 2026, apenas 406 candidatas e candidatos se declararam <strong>LGBTQIA<\/strong>+, o que representa 2% de todas as candidaturas. Entre essas 406 pessoas, temos somente 86 l\u00e9sbicas. J\u00e1 na composi\u00e7\u00e3o por g\u00eanero, 65% dos candidatos s\u00e3o homens, enquanto as mulheres representam 35% do total de candidaturas.<\/p>\n\n\n\n<p class=\"has-medium-font-size wp-block-paragraph\">A Camtra \u00e9 aliada da luta para que visibilidade l\u00e9sbica n\u00e3o se limite a um dia no calend\u00e1rio, mas para que ela se traduza em presen\u00e7a, voz e poder para que mulheres l\u00e9sbicas possam estar tanto nas urnas quanto ocupando, em toda a sua diversidade, os espa\u00e7os nos quais as decis\u00f5es que transformam suas vidas s\u00e3o tomadas.<\/p>\n\n\n\n<p class=\"has-medium-font-size wp-block-paragraph\"><a href=\"https:\/\/www.instagram.com\/explore\/tags\/camtra29anos\/\">#camtra29anos<\/a><a href=\"https:\/\/www.instagram.com\/explore\/tags\/orgulhol%C3%A9sbico\/\">#orgulhol\u00e9sbico<\/a><a href=\"https:\/\/www.instagram.com\/explore\/tags\/visibilidadel%C3%A9sbica\/\">#visibilidadel\u00e9sbica<\/a><\/p>\n\n\n\n<p class=\"has-medium-font-size wp-block-paragraph\"><a href=\"https:\/\/www.instagram.com\/explore\/tags\/paratodasverem\/\">#ParaTodasVerem<\/a>&nbsp;Card em fundo roxo, com uma foto de quatro mulheres abra\u00e7adas com uma bandeira nas cores do movimento l\u00e9sbico (faixas horizontais em tons de vermelho, laranja, rosa, lil\u00e1s e roxo). Logo abaixo, h\u00e1 uma barra em formato de arco-\u00edris com faixas horizontais em tons de vermelho, laranja, rosa, lil\u00e1s e roxo. Em seguida, est\u00e1 a frase: \u201c29 de Agosto \u2013 Dia Nacional da Visibilidade L\u00e9sbica\u201d. Do lado direito, est\u00e3o dois s\u00edmbolos da V\u00eanus entrela\u00e7ados, representando a uni\u00e3o entre mulheres. No canto inferior esquerdo, h\u00e1 um tri\u00e2ngulo preto com o machado de duas l\u00e2minas (labris) em branco, s\u00edmbolo de resist\u00eancia l\u00e9sbica e feminista. No canto inferior direito, o s\u00edmbolo de V\u00eanus aparece novamente, desta vez com a rosa da Camtra. No rodap\u00e9, h\u00e1 uma barra em amarelo claro com o logotipo da Camtra, os \u00edcones das redes sociais e a p\u00e1gina na internet da organiza\u00e7\u00e3o.<\/p>\n","protected":false},"excerpt":{"rendered":"<p>Visibilizar \u00e9 reconhecer hist\u00f3rias, afetos, corpos e lutas, enfrentando o silenciamento imposto pela lesbofobia. \u00c9 honrar aquelas que vieram antes e relembrar mulheres como Cassandra Rios e Rosely Roth, que [&hellip;]<\/p>\n","protected":false},"author":2,"featured_media":16290,"comment_status":"open","ping_status":"open","sticky":false,"template":"","format":"standard","meta":{"om_disable_all_campaigns":false,"_uf_show_specific_survey":0,"_uf_disable_surveys":false,"ocean_front_end_style_editor":"no","ocean_post_layout":"","ocean_both_sidebars_style":"","ocean_both_sidebars_content_width":0,"ocean_both_sidebars_sidebars_width":0,"ocean_sidebar":"","ocean_second_sidebar":"","ocean_disable_margins":"enable","ocean_add_body_class":"","ocean_shortcode_before_top_bar":"","ocean_shortcode_after_top_bar":"","ocean_shortcode_before_header":"","ocean_shortcode_after_header":"","ocean_has_shortcode":"","ocean_shortcode_after_title":"","ocean_shortcode_before_footer_widgets":"","ocean_shortcode_after_footer_widgets":"","ocean_shortcode_before_footer_bottom":"","ocean_shortcode_after_footer_bottom":"","ocean_display_top_bar":"default","ocean_display_header":"default","ocean_header_style":"","ocean_center_header_left_menu":"","ocean_custom_header_template":"","ocean_custom_logo":0,"ocean_custom_retina_logo":0,"ocean_custom_logo_max_width":0,"ocean_custom_logo_tablet_max_width":0,"ocean_custom_logo_mobile_max_width":0,"ocean_custom_logo_max_height":0,"ocean_custom_logo_tablet_max_height":0,"ocean_custom_logo_mobile_max_height":0,"ocean_header_custom_menu":"","ocean_menu_typo_font_family":"","ocean_menu_typo_font_subset":"","ocean_menu_typo_font_size":0,"ocean_menu_typo_font_size_tablet":0,"ocean_menu_typo_font_size_mobile":0,"ocean_menu_typo_font_size_unit":"px","ocean_menu_typo_font_weight":"","ocean_menu_typo_font_weight_tablet":"","ocean_menu_typo_font_weight_mobile":"","ocean_menu_typo_transform":"","ocean_menu_typo_transform_tablet":"","ocean_menu_typo_transform_mobile":"","ocean_menu_typo_line_height":0,"ocean_menu_typo_line_height_tablet":0,"ocean_menu_typo_line_height_mobile":0,"ocean_menu_typo_line_height_unit":"","ocean_menu_typo_spacing":0,"ocean_menu_typo_spacing_tablet":0,"ocean_menu_typo_spacing_mobile":0,"ocean_menu_typo_spacing_unit":"","ocean_menu_link_color":"","ocean_menu_link_color_hover":"","ocean_menu_link_color_active":"","ocean_menu_link_background":"","ocean_menu_link_hover_background":"","ocean_menu_link_active_background":"","ocean_menu_social_links_bg":"","ocean_menu_social_hover_links_bg":"","ocean_menu_social_links_color":"","ocean_menu_social_hover_links_color":"","ocean_disable_title":"default","ocean_disable_heading":"default","ocean_post_title":"","ocean_post_subheading":"","ocean_post_title_style":"","ocean_post_title_background_color":"","ocean_post_title_background":0,"ocean_post_title_bg_image_position":"","ocean_post_title_bg_image_attachment":"","ocean_post_title_bg_image_repeat":"","ocean_post_title_bg_image_size":"","ocean_post_title_height":0,"ocean_post_title_bg_overlay":0.5,"ocean_post_title_bg_overlay_color":"","ocean_disable_breadcrumbs":"default","ocean_breadcrumbs_color":"","ocean_breadcrumbs_separator_color":"","ocean_breadcrumbs_links_color":"","ocean_breadcrumbs_links_hover_color":"","ocean_display_footer_widgets":"default","ocean_display_footer_bottom":"default","ocean_custom_footer_template":"","ocean_post_oembed":"","ocean_post_self_hosted_media":"","ocean_post_video_embed":"","ocean_link_format":"","ocean_link_format_target":"self","ocean_quote_format":"","ocean_quote_format_link":"post","ocean_gallery_link_images":"on","ocean_gallery_id":[],"footnotes":""},"categories":[27],"tags":[800,873,874],"class_list":["post-16289","post","type-post","status-publish","format-standard","has-post-thumbnail","hentry","category-noticias","tag-camtra29anos","tag-orgulholesbico-2","tag-visibilidadelesbica-2","entry","has-media"],"_links":{"self":[{"href":"https:\/\/camtra.org.br\/index.php\/wp-json\/wp\/v2\/posts\/16289","targetHints":{"allow":["GET"]}}],"collection":[{"href":"https:\/\/camtra.org.br\/index.php\/wp-json\/wp\/v2\/posts"}],"about":[{"href":"https:\/\/camtra.org.br\/index.php\/wp-json\/wp\/v2\/types\/post"}],"author":[{"embeddable":true,"href":"https:\/\/camtra.org.br\/index.php\/wp-json\/wp\/v2\/users\/2"}],"replies":[{"embeddable":true,"href":"https:\/\/camtra.org.br\/index.php\/wp-json\/wp\/v2\/comments?post=16289"}],"version-history":[{"count":1,"href":"https:\/\/camtra.org.br\/index.php\/wp-json\/wp\/v2\/posts\/16289\/revisions"}],"predecessor-version":[{"id":16291,"href":"https:\/\/camtra.org.br\/index.php\/wp-json\/wp\/v2\/posts\/16289\/revisions\/16291"}],"wp:featuredmedia":[{"embeddable":true,"href":"https:\/\/camtra.org.br\/index.php\/wp-json\/wp\/v2\/media\/16290"}],"wp:attachment":[{"href":"https:\/\/camtra.org.br\/index.php\/wp-json\/wp\/v2\/media?parent=16289"}],"wp:term":[{"taxonomy":"category","embeddable":true,"href":"https:\/\/camtra.org.br\/index.php\/wp-json\/wp\/v2\/categories?post=16289"},{"taxonomy":"post_tag","embeddable":true,"href":"https:\/\/camtra.org.br\/index.php\/wp-json\/wp\/v2\/tags?post=16289"}],"curies":[{"name":"wp","href":"https:\/\/api.w.org\/{rel}","templated":true}]}}