{"id":4049,"date":"2020-04-04T18:50:05","date_gmt":"2020-04-04T21:50:05","guid":{"rendered":"https:\/\/camtra.org.br\/?p=4049"},"modified":"2020-04-04T18:50:05","modified_gmt":"2020-04-04T21:50:05","slug":"rosas-e-direitos-confira-o-curta-da-mobilizacao-da-camtra-no-8-de-marco-deste-ano","status":"publish","type":"post","link":"https:\/\/camtra.org.br\/index.php\/2020\/04\/04\/rosas-e-direitos-confira-o-curta-da-mobilizacao-da-camtra-no-8-de-marco-deste-ano\/","title":{"rendered":"Rosas e Direitos: Confira o curta da mobiliza\u00e7\u00e3o da CAMTRA no 8 de Mar\u00e7o deste ano !"},"content":{"rendered":"<div id=\"fb-root\"><\/div>\n<p>No dia 9 de mar\u00e7o, a CAMTRA amanheceu na Central do Brasil, na Saara e Uruguaiana, Centro(RJ) realizando sua tradicional entrega de rosas e materiais \u00e0s trabalhadoras pelo Dia Internacional de Luta das Mulheres! (8 de mar\u00e7o, que caiu em um domingo). A a\u00e7\u00e3o, que acontece h\u00e1 mais 20 anos, \u00e9 uma forma da CAMTRA recepcionar e dialogar com as mulheres trabalhadoras sobre a import\u00e2ncia da luta feminista e em defesa dos nossos direitos e da uni\u00e3o entre mulheres. Le<span class=\"text_exposed_show\">mbrando que a nossa mobiliza\u00e7\u00e3o pode sim ser feita com afeto, escuta e acolhimento!<\/span><\/p>\n<div class=\"text_exposed_show\">\n<p>Nesse momento, em que \u00e9 necess\u00e1rio isolamento social e pouco contato f\u00edsico, ver esse imagens (produzidas pela incr\u00edvel\u00a0<a class=\"profileLink\" href=\"https:\/\/www.facebook.com\/amandapalmaa\/?__tn__=K-R&amp;eid=ARA-L1FKKPbIuzCUI5owTJnniWXS9bv9ikF3n4BxbeELwFiSSoJhCNUeZz7KYpQ2fRFR7_Pb3eXqSnCd&amp;fref=mentions&amp;__xts__%5B0%5D=68.ARCMJlclsJnIj9hKty6Q4Rva0o13jrJsP0r_pKrG0iUeXJ90hj9yNK3AHNN7yVVVqlR3l-d9MtUqG4oaJ70Xk8JMPCkJaQs5TEBQEl_QBGlHpMEjdUYdX8Z6Eef2icYPA5sNvO02dk5rr3GZ-DUPsMtI0hT6FpejfxTQvx33Ii8DwxJMZ9w-1hyVUg7qDRG6U40wdxJ36YTy15zaF58yl7K6FIgbJD12iRZfmT0sC25XuKlTCEk48i-bltjLgbWui-BTSbOYHG39NE2wHREr4j3KzI9F9d6HwGzaBH4azUEC9xmUSExZPPWqZsUx8hnAH3BThWZ-vZ1lZDJ7RTPgru5Y_TFlSxJ3H43-5B8p\" data-hovercard=\"\/ajax\/hovercard\/page.php?id=846294055548450&amp;extragetparams=%7B%22__tn__%22%3A%22%2CdK-R-R%22%2C%22eid%22%3A%22ARA-L1FKKPbIuzCUI5owTJnniWXS9bv9ikF3n4BxbeELwFiSSoJhCNUeZz7KYpQ2fRFR7_Pb3eXqSnCd%22%2C%22fref%22%3A%22mentions%22%7D\" data-hovercard-prefer-more-content-show=\"1\">Amanda Palma<\/a>, cineasta e parceirona da CAMTRA) nos transbordou de acalento e esperan\u00e7a. Esperamos que voc\u00eas tamb\u00e9m consigam sentir essa energia e que logo mais possamos juntas nas ruas novamente!<\/p>\n<p>Obrigada a todas as mulheres trabalhadoras que estiveram conosco nesse dia, e todas as nossas companheiras, parceiras, colaboradoras, e seguidoras.<\/p>\n<p>Somos diversas mas n\u00e3o dispersas! Juntas somos mais fortes!\u00a0<span class=\"_5mfr\"><span class=\"_6qdm\">\ud83d\udc9c<\/span><\/span><\/p>\n<\/div>\n<p>&nbsp;<\/p>\n<p>&nbsp;<\/p>\n<p>&nbsp;<\/p>\n<p>&nbsp;<\/p>\n<p>&nbsp;<\/p>\n","protected":false},"excerpt":{"rendered":"<p>No dia 9 de mar\u00e7o, a CAMTRA amanheceu na Central do Brasil, na Saara e Uruguaiana, Centro(RJ) realizando sua tradicional entrega de rosas e materiais \u00e0s trabalhadoras pelo Dia Internacional [&hellip;]<\/p>\n","protected":false},"author":3,"featured_media":0,"comment_status":"open","ping_status":"open","sticky":false,"template":"","format":"video","meta":{"om_disable_all_campaigns":false,"_uf_show_specific_survey":0,"_uf_disable_surveys":false,"ocean_post_layout":"","ocean_both_sidebars_style":"","ocean_both_sidebars_content_width":0,"ocean_both_sidebars_sidebars_width":0,"ocean_sidebar":"","ocean_second_sidebar":"","ocean_disable_margins":"enable","ocean_add_body_class":"","ocean_shortcode_before_top_bar":"","ocean_shortcode_after_top_bar":"","ocean_shortcode_before_header":"","ocean_shortcode_after_header":"","ocean_has_shortcode":"","ocean_shortcode_after_title":"","ocean_shortcode_before_footer_widgets":"","ocean_shortcode_after_footer_widgets":"","ocean_shortcode_before_footer_bottom":"","ocean_shortcode_after_footer_bottom":"","ocean_display_top_bar":"default","ocean_display_header":"default","ocean_header_style":"","ocean_center_header_left_menu":"","ocean_custom_header_template":"","ocean_custom_logo":0,"ocean_custom_retina_logo":0,"ocean_custom_logo_max_width":0,"ocean_custom_logo_tablet_max_width":0,"ocean_custom_logo_mobile_max_width":0,"ocean_custom_logo_max_height":0,"ocean_custom_logo_tablet_max_height":0,"ocean_custom_logo_mobile_max_height":0,"ocean_header_custom_menu":"","ocean_menu_typo_font_family":"","ocean_menu_typo_font_subset":"","ocean_menu_typo_font_size":0,"ocean_menu_typo_font_size_tablet":0,"ocean_menu_typo_font_size_mobile":0,"ocean_menu_typo_font_size_unit":"px","ocean_menu_typo_font_weight":"","ocean_menu_typo_font_weight_tablet":"","ocean_menu_typo_font_weight_mobile":"","ocean_menu_typo_transform":"","ocean_menu_typo_transform_tablet":"","ocean_menu_typo_transform_mobile":"","ocean_menu_typo_line_height":0,"ocean_menu_typo_line_height_tablet":0,"ocean_menu_typo_line_height_mobile":0,"ocean_menu_typo_line_height_unit":"","ocean_menu_typo_spacing":0,"ocean_menu_typo_spacing_tablet":0,"ocean_menu_typo_spacing_mobile":0,"ocean_menu_typo_spacing_unit":"","ocean_menu_link_color":"","ocean_menu_link_color_hover":"","ocean_menu_link_color_active":"","ocean_menu_link_background":"","ocean_menu_link_hover_background":"","ocean_menu_link_active_background":"","ocean_menu_social_links_bg":"","ocean_menu_social_hover_links_bg":"","ocean_menu_social_links_color":"","ocean_menu_social_hover_links_color":"","ocean_disable_title":"default","ocean_disable_heading":"default","ocean_post_title":"","ocean_post_subheading":"","ocean_post_title_style":"","ocean_post_title_background_color":"","ocean_post_title_background":0,"ocean_post_title_bg_image_position":"","ocean_post_title_bg_image_attachment":"","ocean_post_title_bg_image_repeat":"","ocean_post_title_bg_image_size":"","ocean_post_title_height":0,"ocean_post_title_bg_overlay":0.5,"ocean_post_title_bg_overlay_color":"","ocean_disable_breadcrumbs":"default","ocean_breadcrumbs_color":"","ocean_breadcrumbs_separator_color":"","ocean_breadcrumbs_links_color":"","ocean_breadcrumbs_links_hover_color":"","ocean_display_footer_widgets":"default","ocean_display_footer_bottom":"default","ocean_custom_footer_template":"","ocean_post_oembed":"","ocean_post_self_hosted_media":"","ocean_post_video_embed":"","ocean_link_format":"","ocean_link_format_target":"self","ocean_quote_format":"","ocean_quote_format_link":"post","ocean_gallery_link_images":"on","ocean_gallery_id":[],"footnotes":""},"categories":[75,57],"tags":[],"class_list":["post-4049","post","type-post","status-publish","format-video","hentry","category-direitos-sexuais-e-reprodutivos","category-militancia","post_format-post-format-video","entry"],"_links":{"self":[{"href":"https:\/\/camtra.org.br\/index.php\/wp-json\/wp\/v2\/posts\/4049","targetHints":{"allow":["GET"]}}],"collection":[{"href":"https:\/\/camtra.org.br\/index.php\/wp-json\/wp\/v2\/posts"}],"about":[{"href":"https:\/\/camtra.org.br\/index.php\/wp-json\/wp\/v2\/types\/post"}],"author":[{"embeddable":true,"href":"https:\/\/camtra.org.br\/index.php\/wp-json\/wp\/v2\/users\/3"}],"replies":[{"embeddable":true,"href":"https:\/\/camtra.org.br\/index.php\/wp-json\/wp\/v2\/comments?post=4049"}],"version-history":[{"count":0,"href":"https:\/\/camtra.org.br\/index.php\/wp-json\/wp\/v2\/posts\/4049\/revisions"}],"wp:attachment":[{"href":"https:\/\/camtra.org.br\/index.php\/wp-json\/wp\/v2\/media?parent=4049"}],"wp:term":[{"taxonomy":"category","embeddable":true,"href":"https:\/\/camtra.org.br\/index.php\/wp-json\/wp\/v2\/categories?post=4049"},{"taxonomy":"post_tag","embeddable":true,"href":"https:\/\/camtra.org.br\/index.php\/wp-json\/wp\/v2\/tags?post=4049"}],"curies":[{"name":"wp","href":"https:\/\/api.w.org\/{rel}","templated":true}]}}