{"id":7024,"date":"2021-03-03T18:03:55","date_gmt":"2021-03-03T21:03:55","guid":{"rendered":"https:\/\/camtra.org.br\/?p=7024"},"modified":"2021-03-03T18:03:55","modified_gmt":"2021-03-03T21:03:55","slug":"guardaarmadanao-mulheres-negras-sao-as-maiores-vitimas-de-feminicidio","status":"publish","type":"post","link":"https:\/\/camtra.org.br\/index.php\/2021\/03\/03\/guardaarmadanao-mulheres-negras-sao-as-maiores-vitimas-de-feminicidio\/","title":{"rendered":"#GuardaArmadaN\u00e3o: Mulheres negras s\u00e3o as maiores v\u00edtimas de feminic\u00eddio"},"content":{"rendered":"<div id=\"fb-root\"><\/div>\n<p>Pare e pense: quem s\u00e3o e como s\u00e3o mortas as v\u00edtimas de feminic\u00eddios?<\/p>\n<p>Essas mulheres s\u00e3o negras (71%), com idades entre 21 e 40 anos, assassinadas em seu local de descanso, geralmente \u00e0 noite ou de madrugada, por arma de fogo (39%), pelo namorado, companheiro ou marido (89,9%) que n\u00e3o aceitou o fim do relacionamento.<!--more--><\/p>\n<p>Essas mulheres eram m\u00e3es e quase todas sofreram viol\u00eancia dom\u00e9stica, mas, devido ao medo e \u00e0 coer\u00e7\u00e3o, por parte de seus agressores, muitas n\u00e3o registraram, tornando-se um impeditivo para que as medidas protetivas pudessem ser tomadas.<\/p>\n<p>Percebemos que este perfil n\u00e3o \u00e9 diferente do que apresentamos, sobre as mulheres camel\u00f4s, est\u00e1 lembrada?<\/p>\n<p>Sendo assim al\u00e9m das mulheres trabalhadoras ambulantes sofrerem com a amea\u00e7a das armas na rua, em seu trabalho devido agress\u00e3o do Estado, tamb\u00e9m podem ser v\u00edtimas em casa, pelo marido, namorado ou ex-companheiro.<\/p>\n<p>Estes dados demonstram que o feminic\u00eddio \u00e9, na maioria das vezes, um crime passional, e o assassino utiliza o que tem \u00e0 frente para matar. Com mais armas \u00e0 disposi\u00e7\u00e3o dos homens, maior o risco de vida das mulheres.<\/p>\n<p>Isso porque, a maior demanda por compra de armas de fogo \u00e9 dos homens, e, na legisla\u00e7\u00e3o atual, um cidad\u00e3o comum pode ter at\u00e9 6 armas!<\/p>\n<p>Atualmente existem mais de 30 decretos presidenciais que flexibilizam o controle do uso de armas.<\/p>\n<p>Ao mesmo tempo, vemos que com mais de 5 anos, a Lei do Feminic\u00eddio 13.104\/15, ainda encontra barreiras no machismo estrutural para ser efetivada.<\/p>\n<p>Com a pandemia e o distanciamento social a viol\u00eancia contra a mulher aumentou e as medidas e as estruturas para o cumprimento da lei Maria da Penha 11.340\/06, nossas principais armas legais de defesa, ficaram ainda mais sucateadas.<\/p>\n<p>Seguran\u00e7a P\u00fablica em Casa ou na Rua \u00e9 Direito das Mulheres Trabalhadoras!<\/p>\n<p>Por Mim, Por N\u00f3s e Por Todas! \u00c9 Pela Vida das Mulheres Trabalhadoras!<\/p>\n<p><strong>Fontes:\u00a0<\/strong><\/p>\n<div class=\"oceanwp-oembed-wrap clr\">\n<blockquote class=\"wp-embedded-content\" data-secret=\"2MBTbfB1F4\"><p><a href=\"https:\/\/www.poder360.com.br\/brasil\/bolsonaro-edita-4-decretos-que-ampliam-acesso-a-armas-e-municoes\/\">Bolsonaro edita 4 decretos que ampliam acesso a armas e muni\u00e7\u00f5es<\/a><\/p><\/blockquote>\n<p><iframe loading=\"lazy\" class=\"wp-embedded-content\" sandbox=\"allow-scripts\" security=\"restricted\" style=\"position: absolute; visibility: hidden;\" title=\"&#8220;Bolsonaro edita 4 decretos que ampliam acesso a armas e muni\u00e7\u00f5es&#8221; &#8212; Poder360\" src=\"https:\/\/www.poder360.com.br\/brasil\/bolsonaro-edita-4-decretos-que-ampliam-acesso-a-armas-e-municoes\/embed\/#?secret=I4893DC7B6#?secret=2MBTbfB1F4\" data-secret=\"2MBTbfB1F4\" width=\"600\" height=\"338\" frameborder=\"0\" marginwidth=\"0\" marginheight=\"0\" scrolling=\"no\"><\/iframe><\/div>\n<p>https:\/\/defensoria.rj.def.br\/noticia\/detalhes\/10008-Pesquisa-da-DPRJ-aponta-perfil-de-mulheres-vitimas-de-feminicidio<\/p>\n<p>https:\/\/www.camara.leg.br\/noticias\/599507-para-especialistas-ampliacao-do-porte-de-armas-de-fogo-pode-aumentar-riscos-para-mulheres\/<\/p>\n","protected":false},"excerpt":{"rendered":"<p>Pare e pense: quem s\u00e3o e como s\u00e3o mortas as v\u00edtimas de feminic\u00eddios? Essas mulheres s\u00e3o negras (71%), com idades entre 21 e 40 anos, assassinadas em seu local de [&hellip;]<\/p>\n","protected":false},"author":3,"featured_media":7025,"comment_status":"open","ping_status":"open","sticky":false,"template":"","format":"image","meta":{"om_disable_all_campaigns":false,"_uf_show_specific_survey":0,"_uf_disable_surveys":false,"ocean_post_layout":"","ocean_both_sidebars_style":"","ocean_both_sidebars_content_width":0,"ocean_both_sidebars_sidebars_width":0,"ocean_sidebar":"","ocean_second_sidebar":"","ocean_disable_margins":"enable","ocean_add_body_class":"","ocean_shortcode_before_top_bar":"","ocean_shortcode_after_top_bar":"","ocean_shortcode_before_header":"","ocean_shortcode_after_header":"","ocean_has_shortcode":"","ocean_shortcode_after_title":"","ocean_shortcode_before_footer_widgets":"","ocean_shortcode_after_footer_widgets":"","ocean_shortcode_before_footer_bottom":"","ocean_shortcode_after_footer_bottom":"","ocean_display_top_bar":"default","ocean_display_header":"default","ocean_header_style":"","ocean_center_header_left_menu":"","ocean_custom_header_template":"","ocean_custom_logo":0,"ocean_custom_retina_logo":0,"ocean_custom_logo_max_width":0,"ocean_custom_logo_tablet_max_width":0,"ocean_custom_logo_mobile_max_width":0,"ocean_custom_logo_max_height":0,"ocean_custom_logo_tablet_max_height":0,"ocean_custom_logo_mobile_max_height":0,"ocean_header_custom_menu":"","ocean_menu_typo_font_family":"","ocean_menu_typo_font_subset":"","ocean_menu_typo_font_size":0,"ocean_menu_typo_font_size_tablet":0,"ocean_menu_typo_font_size_mobile":0,"ocean_menu_typo_font_size_unit":"px","ocean_menu_typo_font_weight":"","ocean_menu_typo_font_weight_tablet":"","ocean_menu_typo_font_weight_mobile":"","ocean_menu_typo_transform":"","ocean_menu_typo_transform_tablet":"","ocean_menu_typo_transform_mobile":"","ocean_menu_typo_line_height":0,"ocean_menu_typo_line_height_tablet":0,"ocean_menu_typo_line_height_mobile":0,"ocean_menu_typo_line_height_unit":"","ocean_menu_typo_spacing":0,"ocean_menu_typo_spacing_tablet":0,"ocean_menu_typo_spacing_mobile":0,"ocean_menu_typo_spacing_unit":"","ocean_menu_link_color":"","ocean_menu_link_color_hover":"","ocean_menu_link_color_active":"","ocean_menu_link_background":"","ocean_menu_link_hover_background":"","ocean_menu_link_active_background":"","ocean_menu_social_links_bg":"","ocean_menu_social_hover_links_bg":"","ocean_menu_social_links_color":"","ocean_menu_social_hover_links_color":"","ocean_disable_title":"default","ocean_disable_heading":"default","ocean_post_title":"","ocean_post_subheading":"","ocean_post_title_style":"","ocean_post_title_background_color":"","ocean_post_title_background":0,"ocean_post_title_bg_image_position":"","ocean_post_title_bg_image_attachment":"","ocean_post_title_bg_image_repeat":"","ocean_post_title_bg_image_size":"","ocean_post_title_height":0,"ocean_post_title_bg_overlay":0.5,"ocean_post_title_bg_overlay_color":"","ocean_disable_breadcrumbs":"default","ocean_breadcrumbs_color":"","ocean_breadcrumbs_separator_color":"","ocean_breadcrumbs_links_color":"","ocean_breadcrumbs_links_hover_color":"","ocean_display_footer_widgets":"default","ocean_display_footer_bottom":"default","ocean_custom_footer_template":"","ocean_post_oembed":"","ocean_post_self_hosted_media":"","ocean_post_video_embed":"","ocean_link_format":"","ocean_link_format_target":"self","ocean_quote_format":"","ocean_quote_format_link":"post","ocean_gallery_link_images":"on","ocean_gallery_id":[],"footnotes":""},"categories":[27,30],"tags":[],"class_list":["post-7024","post","type-post","status-publish","format-image","has-post-thumbnail","hentry","category-noticias","category-violencia","post_format-post-format-image","entry","has-media"],"_links":{"self":[{"href":"https:\/\/camtra.org.br\/index.php\/wp-json\/wp\/v2\/posts\/7024","targetHints":{"allow":["GET"]}}],"collection":[{"href":"https:\/\/camtra.org.br\/index.php\/wp-json\/wp\/v2\/posts"}],"about":[{"href":"https:\/\/camtra.org.br\/index.php\/wp-json\/wp\/v2\/types\/post"}],"author":[{"embeddable":true,"href":"https:\/\/camtra.org.br\/index.php\/wp-json\/wp\/v2\/users\/3"}],"replies":[{"embeddable":true,"href":"https:\/\/camtra.org.br\/index.php\/wp-json\/wp\/v2\/comments?post=7024"}],"version-history":[{"count":0,"href":"https:\/\/camtra.org.br\/index.php\/wp-json\/wp\/v2\/posts\/7024\/revisions"}],"wp:featuredmedia":[{"embeddable":true,"href":"https:\/\/camtra.org.br\/index.php\/wp-json\/wp\/v2\/media\/7025"}],"wp:attachment":[{"href":"https:\/\/camtra.org.br\/index.php\/wp-json\/wp\/v2\/media?parent=7024"}],"wp:term":[{"taxonomy":"category","embeddable":true,"href":"https:\/\/camtra.org.br\/index.php\/wp-json\/wp\/v2\/categories?post=7024"},{"taxonomy":"post_tag","embeddable":true,"href":"https:\/\/camtra.org.br\/index.php\/wp-json\/wp\/v2\/tags?post=7024"}],"curies":[{"name":"wp","href":"https:\/\/api.w.org\/{rel}","templated":true}]}}