{"id":7056,"date":"2021-03-19T18:12:50","date_gmt":"2021-03-19T21:12:50","guid":{"rendered":"https:\/\/camtra.org.br\/?p=7056"},"modified":"2021-03-19T18:12:50","modified_gmt":"2021-03-19T21:12:50","slug":"vaga-estagiaria-de-comunicacao","status":"publish","type":"post","link":"https:\/\/camtra.org.br\/index.php\/2021\/03\/19\/vaga-estagiaria-de-comunicacao\/","title":{"rendered":"VAGA &#8211; ESTAGI\u00c1RIA DE COMUNICA\u00c7\u00c3O"},"content":{"rendered":"<div id=\"fb-root\"><\/div>\n<p style=\"text-align: center;\"><strong>Edital 02\/2021 \u2013 Casa da Mulher Trabalhadora \u2013 Camtra<\/strong><\/p>\n<p>Companheiras trabalhadoras, tudo bem?<\/p>\n<p>Temos uma oportunidade para estagi\u00e1rias de comunica\u00e7\u00e3o da Camtra, buscamos mulheres feministas.<\/p>\n<p>Incentivamos candidaturas de mulheres negras, ind\u00edgenas, mulheres LBTs, com defici\u00eancia e outras pautas de minorias representativas, logo, solicitamos que, caso enquadre-se em uma ou mais dessas categorias, sinalize a informa\u00e7\u00e3o na carta de inten\u00e7\u00f5es.<!--more--><\/p>\n<p><strong>Requisitos:<\/strong><\/p>\n<p>\u2022 Ser estudante de comunica\u00e7\u00e3o (preferencialmente cursando habilita\u00e7\u00e3o em design ou marketing digital);<br \/>\n\u2022 Estar estudando e\/ou ter conhecimentos pr\u00e9vios em: Photoshop, Canva, WordPress, edi\u00e7\u00e3o de v\u00eddeo (conhecimento b\u00e1sico) e Mailchimp.<\/p>\n<p><strong>Etapas do processo seletivo:<\/strong><\/p>\n<ol>\n<li>\u00a0Envio dos seguintes documentos at\u00e9 dia 30\/03\/2021 para o endere\u00e7o de e-mail: selecao@camtra.org.br ou atrav\u00e9s do nosso <strong><a href=\"https:\/\/docs.google.com\/forms\/d\/e\/1FAIpQLSfvMIyzGeZFeU1LfB19cl7A5aWgKQjrhCHXCPbZcRPcl34i2g\/viewform\" target=\"_blank\" rel=\"noopener\">formul\u00e1rio on-line.<\/a>\u00a0<\/strong><\/li>\n<\/ol>\n<ul>\n<li>Curr\u00edculo atualizado (1 p\u00e1gina no m\u00e1ximo);<\/li>\n<li>\u00a0Carta de inten\u00e7\u00f5es explicando como a sua trajet\u00f3ria pessoal, pol\u00edtica e profissional \u00e9 compat\u00edvel com a perspectiva feminista da Camtra (1 p\u00e1gina no m\u00e1ximo);<\/li>\n<li>Portf\u00f3lio contendo artes e trabalhos digitais pr\u00e9vios<\/li>\n<\/ul>\n<p>2.\u00a0 Entrevistas.<\/p>\n<p><strong>Fun\u00e7\u00f5es a serem desempenhadas:<\/strong><\/p>\n<ul>\n<li>Participar de reuni\u00f5es de equipe e de pautas das lives;<\/li>\n<li>Acompanhar a agenda da coordena\u00e7\u00e3o;<\/li>\n<li>Aprofundar-se nas \u00e1reas de atua\u00e7\u00e3o da institui\u00e7\u00e3o;<\/li>\n<li>Colaborar e integrar o Grupo de Trabalho (GT) de Comunica\u00e7\u00e3o da Camtra, principalmente com o desenvolvimento di\u00e1rio de cards, posts, artes e materiais gr\u00e1ficos em geral;<\/li>\n<li>Participar das atividades realizadas pelos projetos da institui\u00e7\u00e3o.<\/li>\n<\/ul>\n<p>Obs.: A Camtra trabalha de forma coletiva, atrav\u00e9s da integra\u00e7\u00e3o das nossas diversas \u00e1reas de atua\u00e7\u00e3o, o que faz com que seja necess\u00e1rio que a funcion\u00e1ria assuma fun\u00e7\u00f5es diversificadas, de acordo com a demanda.<\/p>\n<p><strong>Caracter\u00edsticas da vaga:<\/strong><\/p>\n<ul>\n<li>30h semanais (hor\u00e1rio a combinar);<\/li>\n<li>Bolsa: R$ 1.200,00;<\/li>\n<li>Ticket alimenta\u00e7\u00e3o: R$ 400,00;<\/li>\n<li>Vale transporte (somente quando o trabalho voltar a ser presencial);<\/li>\n<li>Durante a pandemia nosso trabalho est\u00e1 sendo virtual. Quando as atividades presenciais retornarem o local de trabalho ser\u00e1 em nossa sede, no Rio de Janeiro;<\/li>\n<li>Regime de contrato: estagi\u00e1ria, com anu\u00eancia da institui\u00e7\u00e3o de ensino de origem.<\/li>\n<\/ul>\n<p><strong>* In\u00edcio das atividades em mar\u00e7o ou abril de 2021.<\/strong><\/p>\n<p>Acesse nossas redes sociais e conhe\u00e7a mais sobre n\u00f3s:<\/p>\n<p><strong>Instagram: <a href=\"https:\/\/www.instagram.com\/camtra.cmt\/\" target=\"_blank\" rel=\"noopener\">@camtra.cmt<\/a><\/strong><\/p>\n<p><strong>Facebook: <a href=\"https:\/\/www.facebook.com\/camtra.cmt\/\" target=\"_blank\" rel=\"noopener\">@camtra.cmt<\/a><\/strong><\/p>\n<p><strong>Twitter: <a href=\"https:\/\/twitter.com\/camtra\" target=\"_blank\" rel=\"noopener\">@camtra<\/a><\/strong><\/p>\n<p><strong>Youtube: <a href=\"https:\/\/www.youtube.com\/channel\/UCGFPXW5VLqaCWmdrC9Git8w\" target=\"_blank\" rel=\"noopener\">Camtra<\/a><\/strong><\/p>\n<p><strong>Linktree: <a href=\"https:\/\/linktr.ee\/CAMTRA.CMT\" target=\"_blank\" rel=\"noopener\">@camtra.cmt<\/a><\/strong><\/p>\n<p><strong><a href=\"https:\/\/camtra.org.br\/quem-somos\/missao-e-historia\/\" target=\"_blank\" rel=\"noopener\">NOSSA HIST\u00d3RIA<\/a><\/strong><\/p>\n<p><a href=\"https:\/\/camtra.org.br\/quem-somos\/valores\/\" target=\"_blank\" rel=\"noopener\"><strong>MISS\u00c3O E VALORES<\/strong><\/a><\/p>\n","protected":false},"excerpt":{"rendered":"<p>Edital 02\/2021 \u2013 Casa da Mulher Trabalhadora \u2013 Camtra Companheiras trabalhadoras, tudo bem? Temos uma oportunidade para estagi\u00e1rias de comunica\u00e7\u00e3o da Camtra, buscamos mulheres feministas. Incentivamos candidaturas de mulheres negras, [&hellip;]<\/p>\n","protected":false},"author":3,"featured_media":7057,"comment_status":"open","ping_status":"open","sticky":false,"template":"","format":"image","meta":{"om_disable_all_campaigns":false,"_uf_show_specific_survey":0,"_uf_disable_surveys":false,"ocean_post_layout":"","ocean_both_sidebars_style":"","ocean_both_sidebars_content_width":0,"ocean_both_sidebars_sidebars_width":0,"ocean_sidebar":"","ocean_second_sidebar":"","ocean_disable_margins":"enable","ocean_add_body_class":"","ocean_shortcode_before_top_bar":"","ocean_shortcode_after_top_bar":"","ocean_shortcode_before_header":"","ocean_shortcode_after_header":"","ocean_has_shortcode":"","ocean_shortcode_after_title":"","ocean_shortcode_before_footer_widgets":"","ocean_shortcode_after_footer_widgets":"","ocean_shortcode_before_footer_bottom":"","ocean_shortcode_after_footer_bottom":"","ocean_display_top_bar":"default","ocean_display_header":"default","ocean_header_style":"","ocean_center_header_left_menu":"","ocean_custom_header_template":"","ocean_custom_logo":0,"ocean_custom_retina_logo":0,"ocean_custom_logo_max_width":0,"ocean_custom_logo_tablet_max_width":0,"ocean_custom_logo_mobile_max_width":0,"ocean_custom_logo_max_height":0,"ocean_custom_logo_tablet_max_height":0,"ocean_custom_logo_mobile_max_height":0,"ocean_header_custom_menu":"","ocean_menu_typo_font_family":"","ocean_menu_typo_font_subset":"","ocean_menu_typo_font_size":0,"ocean_menu_typo_font_size_tablet":0,"ocean_menu_typo_font_size_mobile":0,"ocean_menu_typo_font_size_unit":"px","ocean_menu_typo_font_weight":"","ocean_menu_typo_font_weight_tablet":"","ocean_menu_typo_font_weight_mobile":"","ocean_menu_typo_transform":"","ocean_menu_typo_transform_tablet":"","ocean_menu_typo_transform_mobile":"","ocean_menu_typo_line_height":0,"ocean_menu_typo_line_height_tablet":0,"ocean_menu_typo_line_height_mobile":0,"ocean_menu_typo_line_height_unit":"","ocean_menu_typo_spacing":0,"ocean_menu_typo_spacing_tablet":0,"ocean_menu_typo_spacing_mobile":0,"ocean_menu_typo_spacing_unit":"","ocean_menu_link_color":"","ocean_menu_link_color_hover":"","ocean_menu_link_color_active":"","ocean_menu_link_background":"","ocean_menu_link_hover_background":"","ocean_menu_link_active_background":"","ocean_menu_social_links_bg":"","ocean_menu_social_hover_links_bg":"","ocean_menu_social_links_color":"","ocean_menu_social_hover_links_color":"","ocean_disable_title":"default","ocean_disable_heading":"default","ocean_post_title":"","ocean_post_subheading":"","ocean_post_title_style":"","ocean_post_title_background_color":"","ocean_post_title_background":0,"ocean_post_title_bg_image_position":"","ocean_post_title_bg_image_attachment":"","ocean_post_title_bg_image_repeat":"","ocean_post_title_bg_image_size":"","ocean_post_title_height":0,"ocean_post_title_bg_overlay":0.5,"ocean_post_title_bg_overlay_color":"","ocean_disable_breadcrumbs":"default","ocean_breadcrumbs_color":"","ocean_breadcrumbs_separator_color":"","ocean_breadcrumbs_links_color":"","ocean_breadcrumbs_links_hover_color":"","ocean_display_footer_widgets":"default","ocean_display_footer_bottom":"default","ocean_custom_footer_template":"","ocean_post_oembed":"","ocean_post_self_hosted_media":"","ocean_post_video_embed":"","ocean_link_format":"","ocean_link_format_target":"self","ocean_quote_format":"","ocean_quote_format_link":"post","ocean_gallery_link_images":"on","ocean_gallery_id":[],"footnotes":""},"categories":[27,93],"tags":[],"class_list":["post-7056","post","type-post","status-publish","format-image","has-post-thumbnail","hentry","category-noticias","category-trabalho","post_format-post-format-image","entry","has-media"],"_links":{"self":[{"href":"https:\/\/camtra.org.br\/index.php\/wp-json\/wp\/v2\/posts\/7056","targetHints":{"allow":["GET"]}}],"collection":[{"href":"https:\/\/camtra.org.br\/index.php\/wp-json\/wp\/v2\/posts"}],"about":[{"href":"https:\/\/camtra.org.br\/index.php\/wp-json\/wp\/v2\/types\/post"}],"author":[{"embeddable":true,"href":"https:\/\/camtra.org.br\/index.php\/wp-json\/wp\/v2\/users\/3"}],"replies":[{"embeddable":true,"href":"https:\/\/camtra.org.br\/index.php\/wp-json\/wp\/v2\/comments?post=7056"}],"version-history":[{"count":0,"href":"https:\/\/camtra.org.br\/index.php\/wp-json\/wp\/v2\/posts\/7056\/revisions"}],"wp:featuredmedia":[{"embeddable":true,"href":"https:\/\/camtra.org.br\/index.php\/wp-json\/wp\/v2\/media\/7057"}],"wp:attachment":[{"href":"https:\/\/camtra.org.br\/index.php\/wp-json\/wp\/v2\/media?parent=7056"}],"wp:term":[{"taxonomy":"category","embeddable":true,"href":"https:\/\/camtra.org.br\/index.php\/wp-json\/wp\/v2\/categories?post=7056"},{"taxonomy":"post_tag","embeddable":true,"href":"https:\/\/camtra.org.br\/index.php\/wp-json\/wp\/v2\/tags?post=7056"}],"curies":[{"name":"wp","href":"https:\/\/api.w.org\/{rel}","templated":true}]}}