{"id":7483,"date":"2021-05-13T18:39:34","date_gmt":"2021-05-13T21:39:34","guid":{"rendered":"https:\/\/camtra.org.br\/?p=7483"},"modified":"2021-05-13T18:39:34","modified_gmt":"2021-05-13T21:39:34","slug":"vidas-negras-importam-as-maes-da-chacina-do-jacarezinho-pedem-justica","status":"publish","type":"post","link":"https:\/\/camtra.org.br\/index.php\/2021\/05\/13\/vidas-negras-importam-as-maes-da-chacina-do-jacarezinho-pedem-justica\/","title":{"rendered":"VIDAS NEGRAS IMPORTAM &#8211; As m\u00e3es da chacina do Jacarezinho pedem Justi\u00e7a!"},"content":{"rendered":"<div id=\"fb-root\"><\/div>\n<p>Ontem, 13 de maio de 2021, a Camtra participou do Ato na Candel\u00e1ria, no Centro do Rio de Janeiro, contra as chacinas, o genoc\u00eddio do povo negro e as pol\u00edticas de exterm\u00ednio do Estado brasileiro, representando a dor de todas as m\u00e3es que perderam suas filhas e filhos em mais uma a\u00e7\u00e3o brutal do Estado, nas favelas do Rio.<!--more--><\/p>\n<p>O ato, organizado pela Coaliz\u00e3o Negra Por Direitos, com o mote \u201cNem bala, nem fome e nem Covid. O povo negro quer viver!\u201d reuniu parlamentares, familiares de v\u00edtimas da viol\u00eancia do Estado, representantes das entidades do novembro negro e outros movimentos sociais, que foram convocados em todo o pa\u00eds, ap\u00f3s a tr\u00e1gica chacina na favela do Jacarezinho, na zona norte do Rio.<\/p>\n<p>A manifesta\u00e7\u00e3o contou com a presen\u00e7a de m\u00e3es que tamb\u00e9m perderam suas filhas e filhos em outras chacinas, exigindo justi\u00e7a e prestando sua solidariedade \u00e0s m\u00e3es do Jacarezinho, al\u00e9m de reivindica\u00e7\u00f5es por Aux\u00edlio Emergencial de R$ 600 at\u00e9 o fim da pandemia, o direito da popula\u00e7\u00e3o negra \u00e0 vacina contra o coronav\u00edrus pelo SUS e o Fora Bolsonaro.<\/p>\n<p>\u27a1\ufe0f As organiza\u00e7\u00f5es dos protestos orientaram que todos os manifestantes comparecessem de m\u00e1scaras, com as m\u00e3os higienizadas e uso constante de \u00e1lcool gel, al\u00e9m da import\u00e2ncia do distanciamento social seguro.<\/p>\n<p>Exigimos JUSTI\u00c7A e gritamos, mais uma vez, que VIDAS PRETAS E FAVELADAS IMPORTAM!<\/p>\n<p>\u270a\ud83c\udfff Contra a pol\u00edtica e o projeto de morte que atinge corpos pretos!<\/p>\n","protected":false},"excerpt":{"rendered":"<p>Ontem, 13 de maio de 2021, a Camtra participou do Ato na Candel\u00e1ria, no Centro do Rio de Janeiro, contra as chacinas, o genoc\u00eddio do povo negro e as pol\u00edticas [&hellip;]<\/p>\n","protected":false},"author":3,"featured_media":7484,"comment_status":"open","ping_status":"open","sticky":false,"template":"","format":"image","meta":{"om_disable_all_campaigns":false,"_uf_show_specific_survey":0,"_uf_disable_surveys":false,"ocean_post_layout":"","ocean_both_sidebars_style":"","ocean_both_sidebars_content_width":0,"ocean_both_sidebars_sidebars_width":0,"ocean_sidebar":"","ocean_second_sidebar":"","ocean_disable_margins":"enable","ocean_add_body_class":"","ocean_shortcode_before_top_bar":"","ocean_shortcode_after_top_bar":"","ocean_shortcode_before_header":"","ocean_shortcode_after_header":"","ocean_has_shortcode":"","ocean_shortcode_after_title":"","ocean_shortcode_before_footer_widgets":"","ocean_shortcode_after_footer_widgets":"","ocean_shortcode_before_footer_bottom":"","ocean_shortcode_after_footer_bottom":"","ocean_display_top_bar":"default","ocean_display_header":"default","ocean_header_style":"","ocean_center_header_left_menu":"","ocean_custom_header_template":"","ocean_custom_logo":0,"ocean_custom_retina_logo":0,"ocean_custom_logo_max_width":0,"ocean_custom_logo_tablet_max_width":0,"ocean_custom_logo_mobile_max_width":0,"ocean_custom_logo_max_height":0,"ocean_custom_logo_tablet_max_height":0,"ocean_custom_logo_mobile_max_height":0,"ocean_header_custom_menu":"","ocean_menu_typo_font_family":"","ocean_menu_typo_font_subset":"","ocean_menu_typo_font_size":0,"ocean_menu_typo_font_size_tablet":0,"ocean_menu_typo_font_size_mobile":0,"ocean_menu_typo_font_size_unit":"px","ocean_menu_typo_font_weight":"","ocean_menu_typo_font_weight_tablet":"","ocean_menu_typo_font_weight_mobile":"","ocean_menu_typo_transform":"","ocean_menu_typo_transform_tablet":"","ocean_menu_typo_transform_mobile":"","ocean_menu_typo_line_height":0,"ocean_menu_typo_line_height_tablet":0,"ocean_menu_typo_line_height_mobile":0,"ocean_menu_typo_line_height_unit":"","ocean_menu_typo_spacing":0,"ocean_menu_typo_spacing_tablet":0,"ocean_menu_typo_spacing_mobile":0,"ocean_menu_typo_spacing_unit":"","ocean_menu_link_color":"","ocean_menu_link_color_hover":"","ocean_menu_link_color_active":"","ocean_menu_link_background":"","ocean_menu_link_hover_background":"","ocean_menu_link_active_background":"","ocean_menu_social_links_bg":"","ocean_menu_social_hover_links_bg":"","ocean_menu_social_links_color":"","ocean_menu_social_hover_links_color":"","ocean_disable_title":"default","ocean_disable_heading":"default","ocean_post_title":"","ocean_post_subheading":"","ocean_post_title_style":"","ocean_post_title_background_color":"","ocean_post_title_background":0,"ocean_post_title_bg_image_position":"","ocean_post_title_bg_image_attachment":"","ocean_post_title_bg_image_repeat":"","ocean_post_title_bg_image_size":"","ocean_post_title_height":0,"ocean_post_title_bg_overlay":0.5,"ocean_post_title_bg_overlay_color":"","ocean_disable_breadcrumbs":"default","ocean_breadcrumbs_color":"","ocean_breadcrumbs_separator_color":"","ocean_breadcrumbs_links_color":"","ocean_breadcrumbs_links_hover_color":"","ocean_display_footer_widgets":"default","ocean_display_footer_bottom":"default","ocean_custom_footer_template":"","ocean_post_oembed":"","ocean_post_self_hosted_media":"","ocean_post_video_embed":"","ocean_link_format":"","ocean_link_format_target":"self","ocean_quote_format":"","ocean_quote_format_link":"post","ocean_gallery_link_images":"on","ocean_gallery_id":[],"footnotes":""},"categories":[27],"tags":[572,468,573,13,574,469,575,571],"class_list":["post-7483","post","type-post","status-publish","format-image","has-post-thumbnail","hentry","category-noticias","tag-13-de-maio-nas-ruas","tag-auxilio-de-600-ja","tag-basta-de-genocidio-negro","tag-camtra","tag-chacina-do-jacarezinho","tag-eu-defendo-o-sus","tag-maes-do-jacarezinho","tag-vidas-negras-importam","post_format-post-format-image","entry","has-media"],"_links":{"self":[{"href":"https:\/\/camtra.org.br\/index.php\/wp-json\/wp\/v2\/posts\/7483","targetHints":{"allow":["GET"]}}],"collection":[{"href":"https:\/\/camtra.org.br\/index.php\/wp-json\/wp\/v2\/posts"}],"about":[{"href":"https:\/\/camtra.org.br\/index.php\/wp-json\/wp\/v2\/types\/post"}],"author":[{"embeddable":true,"href":"https:\/\/camtra.org.br\/index.php\/wp-json\/wp\/v2\/users\/3"}],"replies":[{"embeddable":true,"href":"https:\/\/camtra.org.br\/index.php\/wp-json\/wp\/v2\/comments?post=7483"}],"version-history":[{"count":0,"href":"https:\/\/camtra.org.br\/index.php\/wp-json\/wp\/v2\/posts\/7483\/revisions"}],"wp:featuredmedia":[{"embeddable":true,"href":"https:\/\/camtra.org.br\/index.php\/wp-json\/wp\/v2\/media\/7484"}],"wp:attachment":[{"href":"https:\/\/camtra.org.br\/index.php\/wp-json\/wp\/v2\/media?parent=7483"}],"wp:term":[{"taxonomy":"category","embeddable":true,"href":"https:\/\/camtra.org.br\/index.php\/wp-json\/wp\/v2\/categories?post=7483"},{"taxonomy":"post_tag","embeddable":true,"href":"https:\/\/camtra.org.br\/index.php\/wp-json\/wp\/v2\/tags?post=7483"}],"curies":[{"name":"wp","href":"https:\/\/api.w.org\/{rel}","templated":true}]}}