{"id":7539,"date":"2021-06-02T20:04:14","date_gmt":"2021-06-02T23:04:14","guid":{"rendered":"https:\/\/camtra.org.br\/?p=7539"},"modified":"2021-06-02T20:04:14","modified_gmt":"2021-06-02T23:04:14","slug":"2-408-obitos-por-covid-19-nas-ultimas-24-horas","status":"publish","type":"post","link":"https:\/\/camtra.org.br\/index.php\/2021\/06\/02\/2-408-obitos-por-covid-19-nas-ultimas-24-horas\/","title":{"rendered":"2.408 \u00d3BITOS POR COVID-19 NAS \u00daLTIMAS 24 HORAS"},"content":{"rendered":"<div id=\"fb-root\"><\/div>\n<p>Mulheres trabalhadoras negras, ind\u00edgenas e perif\u00e9ricas s\u00e3o as mais afetadas pela pandemia. Sobreviver significa se expor aos riscos da contamina\u00e7\u00e3o e a exposi\u00e7\u00e3o aos riscos se tornou necessidade em meio ao caos sanit\u00e1rio, econ\u00f4mico e social.<\/p>\n<p>\u27a1\ufe0f Dentre todas as 465.199 vidas perdidas durante a pandemia da Covid-19, est\u00e3o m\u00e3es e filhas que choram a perda de seus entes. Perdas essas que s\u00e3o consequ\u00eancia n\u00e3o s\u00f3 do v\u00edrus, mas tamb\u00e9m da neglig\u00eancia com a qual nossas vidas est\u00e3o sendo tratadas.<\/p>\n<p>Acompanhamos todos os dias o retrato do esvaziamento das pol\u00edticas p\u00fablicas, da desvaloriza\u00e7\u00e3o da ci\u00eancia e do Sistema \u00danico de Sa\u00fade (SUS). Como consequ\u00eancia, estamos \u201cvivendo\u201d sem ter o direito de vislumbrar algo para al\u00e9m da sobreviv\u00eancia.<\/p>\n<p>\u270a\ud83c\udffe Pela Vida de Todas as Mulheres Trabalhadoras e para que Todas n\u00e3o precisem se expor aos riscos da contamina\u00e7\u00e3o para sobreviver, exigimos Aux\u00edlio Emergencial de R$ 600 at\u00e9 o fim da pandemia e Vacina Para todas J\u00e1!<\/p>\n<p>Por Mim, Por N\u00f3s e Por Todas!<\/p>\n<p><strong>Em caso de viol\u00eancia dom\u00e9stica, acesse o <a href=\"http:\/\/camtra.org.br\/defenda-se\/\" target=\"_blank\" rel=\"noopener\">Defenda-se<\/a>.<\/strong><\/p>\n","protected":false},"excerpt":{"rendered":"<p>Dentre todas as 465.199 vidas perdidas durante a pandemia da Covid-19, est\u00e3o m\u00e3es e filhas que choram a perda de seus entes. Perdas essas que s\u00e3o consequ\u00eancia n\u00e3o s\u00f3 do v\u00edrus, mas tamb\u00e9m da neglig\u00eancia com a qual nossas vidas est\u00e3o sendo tratadas.<\/p>\n","protected":false},"author":3,"featured_media":7540,"comment_status":"open","ping_status":"open","sticky":false,"template":"","format":"image","meta":{"om_disable_all_campaigns":false,"_uf_show_specific_survey":0,"_uf_disable_surveys":false,"ocean_post_layout":"","ocean_both_sidebars_style":"","ocean_both_sidebars_content_width":0,"ocean_both_sidebars_sidebars_width":0,"ocean_sidebar":"","ocean_second_sidebar":"","ocean_disable_margins":"enable","ocean_add_body_class":"","ocean_shortcode_before_top_bar":"","ocean_shortcode_after_top_bar":"","ocean_shortcode_before_header":"","ocean_shortcode_after_header":"","ocean_has_shortcode":"","ocean_shortcode_after_title":"","ocean_shortcode_before_footer_widgets":"","ocean_shortcode_after_footer_widgets":"","ocean_shortcode_before_footer_bottom":"","ocean_shortcode_after_footer_bottom":"","ocean_display_top_bar":"default","ocean_display_header":"default","ocean_header_style":"","ocean_center_header_left_menu":"","ocean_custom_header_template":"","ocean_custom_logo":0,"ocean_custom_retina_logo":0,"ocean_custom_logo_max_width":0,"ocean_custom_logo_tablet_max_width":0,"ocean_custom_logo_mobile_max_width":0,"ocean_custom_logo_max_height":0,"ocean_custom_logo_tablet_max_height":0,"ocean_custom_logo_mobile_max_height":0,"ocean_header_custom_menu":"","ocean_menu_typo_font_family":"","ocean_menu_typo_font_subset":"","ocean_menu_typo_font_size":0,"ocean_menu_typo_font_size_tablet":0,"ocean_menu_typo_font_size_mobile":0,"ocean_menu_typo_font_size_unit":"px","ocean_menu_typo_font_weight":"","ocean_menu_typo_font_weight_tablet":"","ocean_menu_typo_font_weight_mobile":"","ocean_menu_typo_transform":"","ocean_menu_typo_transform_tablet":"","ocean_menu_typo_transform_mobile":"","ocean_menu_typo_line_height":0,"ocean_menu_typo_line_height_tablet":0,"ocean_menu_typo_line_height_mobile":0,"ocean_menu_typo_line_height_unit":"","ocean_menu_typo_spacing":0,"ocean_menu_typo_spacing_tablet":0,"ocean_menu_typo_spacing_mobile":0,"ocean_menu_typo_spacing_unit":"","ocean_menu_link_color":"","ocean_menu_link_color_hover":"","ocean_menu_link_color_active":"","ocean_menu_link_background":"","ocean_menu_link_hover_background":"","ocean_menu_link_active_background":"","ocean_menu_social_links_bg":"","ocean_menu_social_hover_links_bg":"","ocean_menu_social_links_color":"","ocean_menu_social_hover_links_color":"","ocean_disable_title":"default","ocean_disable_heading":"default","ocean_post_title":"","ocean_post_subheading":"","ocean_post_title_style":"","ocean_post_title_background_color":"","ocean_post_title_background":0,"ocean_post_title_bg_image_position":"","ocean_post_title_bg_image_attachment":"","ocean_post_title_bg_image_repeat":"","ocean_post_title_bg_image_size":"","ocean_post_title_height":0,"ocean_post_title_bg_overlay":0.5,"ocean_post_title_bg_overlay_color":"","ocean_disable_breadcrumbs":"default","ocean_breadcrumbs_color":"","ocean_breadcrumbs_separator_color":"","ocean_breadcrumbs_links_color":"","ocean_breadcrumbs_links_hover_color":"","ocean_display_footer_widgets":"default","ocean_display_footer_bottom":"default","ocean_custom_footer_template":"","ocean_post_oembed":"","ocean_post_self_hosted_media":"","ocean_post_video_embed":"","ocean_link_format":"","ocean_link_format_target":"self","ocean_quote_format":"","ocean_quote_format_link":"post","ocean_gallery_link_images":"on","ocean_gallery_id":[],"footnotes":""},"categories":[7],"tags":[468,13,39,20],"class_list":["post-7539","post","type-post","status-publish","format-image","has-post-thumbnail","hentry","category-camtra-covid-19","tag-auxilio-de-600-ja","tag-camtra","tag-em-defesa-do-sus","tag-pela-vida-das-mulheres","post_format-post-format-image","entry","has-media"],"_links":{"self":[{"href":"https:\/\/camtra.org.br\/index.php\/wp-json\/wp\/v2\/posts\/7539","targetHints":{"allow":["GET"]}}],"collection":[{"href":"https:\/\/camtra.org.br\/index.php\/wp-json\/wp\/v2\/posts"}],"about":[{"href":"https:\/\/camtra.org.br\/index.php\/wp-json\/wp\/v2\/types\/post"}],"author":[{"embeddable":true,"href":"https:\/\/camtra.org.br\/index.php\/wp-json\/wp\/v2\/users\/3"}],"replies":[{"embeddable":true,"href":"https:\/\/camtra.org.br\/index.php\/wp-json\/wp\/v2\/comments?post=7539"}],"version-history":[{"count":0,"href":"https:\/\/camtra.org.br\/index.php\/wp-json\/wp\/v2\/posts\/7539\/revisions"}],"wp:featuredmedia":[{"embeddable":true,"href":"https:\/\/camtra.org.br\/index.php\/wp-json\/wp\/v2\/media\/7540"}],"wp:attachment":[{"href":"https:\/\/camtra.org.br\/index.php\/wp-json\/wp\/v2\/media?parent=7539"}],"wp:term":[{"taxonomy":"category","embeddable":true,"href":"https:\/\/camtra.org.br\/index.php\/wp-json\/wp\/v2\/categories?post=7539"},{"taxonomy":"post_tag","embeddable":true,"href":"https:\/\/camtra.org.br\/index.php\/wp-json\/wp\/v2\/tags?post=7539"}],"curies":[{"name":"wp","href":"https:\/\/api.w.org\/{rel}","templated":true}]}}