{"id":7868,"date":"2021-10-12T09:20:09","date_gmt":"2021-10-12T12:20:09","guid":{"rendered":"https:\/\/camtra.org.br\/?p=7868"},"modified":"2021-10-12T09:20:09","modified_gmt":"2021-10-12T12:20:09","slug":"12-de-outubro-dia-nacional-de-luta-por-creches-2","status":"publish","type":"post","link":"https:\/\/camtra.org.br\/index.php\/2021\/10\/12\/12-de-outubro-dia-nacional-de-luta-por-creches-2\/","title":{"rendered":"12 de Outubro &#8211; Dia Nacional de Luta por Creches"},"content":{"rendered":"<div id=\"fb-root\"><\/div>\n<h2 style=\"text-align: center;\">\u00c9 preciso reafirmarmos a luta por creches como uma luta feminista!<\/h2>\n<p><!--more--><\/p>\n<h5><i>Por Iara Amora dos Santos- Colaboradora da Camtra.<\/i><\/h5>\n<p class=\"s2\"><span class=\"s3\"><span class=\"bumpedFont15\">O reconhecimento da creche como um direito das crian\u00e7as \u00e9 fruto das lutas das mulheres por condi\u00e7\u00f5es de entrada e perman\u00eancia no mercado de trabalho, ao questionamento da divis\u00e3o sexual do trabalho e da reivindica\u00e7\u00e3o pela co-responsabiliza\u00e7\u00e3o social do Estado pela educa\u00e7\u00e3o das crian\u00e7as. Este movimento foi realizado pelos movimentos feministas e de mulheres de bairros e periferias, no contexto de redemocratiza\u00e7\u00e3o do pa\u00eds, a partir da d\u00e9cada de 70. Contando \u00a0tamb\u00e9m com a importante atua\u00e7\u00e3o do Conselho Nacional dos Direitos das Mulheres durante a Constituinte, o que culminou na inser\u00e7\u00e3o da creche pelos direitos das crian\u00e7as na Constitui\u00e7\u00e3o Federal de 1988. <\/span><\/span><\/p>\n<p class=\"s2\"><!--more--><\/p>\n<p class=\"s2\"><span class=\"s3\"><span class=\"bumpedFont15\">Mais de 30 anos depois seguimos em luta para que esse direito seja de fato \u00a0garantido \u00e0s crian\u00e7as e para superar os impactos da falta de creches na vida \u00a0destas e das mulheres, em especial das mulheres trabalhadoras.<\/span><\/span><\/p>\n<p class=\"s2\"><span class=\"s3\"><span class=\"bumpedFont15\">Quase<\/span><\/span><span class=\"s3\"><span class=\"bumpedFont15\"> metade<\/span><\/span><span class=\"s3\"><span class=\"bumpedFont15\"> de todas as crian\u00e7as de 0 a 3 anos no Brasil tem necessidade de uma vaga em creche, somando <\/span><\/span><span class=\"s3\"><span class=\"bumpedFont15\">mais de 5 milh\u00f5es de crian\u00e7as, principalmente entre as mais pobres<\/span><\/span><span class=\"s3\"><span class=\"bumpedFont15\">(Pnad\/IBGE 2017). <\/span><\/span><\/p>\n<p class=\"s2\"><span class=\"s3\"><span class=\"bumpedFont15\">A falta de acesso das crian\u00e7as \u00e0 creche impacta a vida das mulheres de diversas formas, desde a sua sa\u00fade mental e f\u00edsica at\u00e9 a participa\u00e7\u00e3o no mercado de trabalho. No contexto de pandemia onde escolas e creches foram fechadas e a demanda pelos trabalhos dom\u00e9sticos aumentou, 7 milh\u00f5es de mulheres foram retiradas \u00a0do mercado de trabalho e a participa\u00e7\u00e3o das mulheres com filhos de at\u00e9 10 anos reduziu de 58,3% no segundo semestre de 2019 para 50,6% no segundo semestre de 2020 (Cartilha Ganha Ganha da ONU Mulheres, OIT e Uni\u00e3o Europ\u00e9ia).<\/span><\/span><\/p>\n<p class=\"s2\">Hoje 12 de Outubro \u00e9 \u00a0preciso \u00a0reafirmarmos a creche p\u00fablica \u00a0como uma pol\u00edtica fundamental para a garantia de direitos de crian\u00e7as e mulheres e para a supera\u00e7\u00e3o das desigualdades de g\u00eanero. \u00c9 preciso reafirmarmos a \u00a0luta por creches como uma luta feminista!<\/p>\n<p class=\"s2\"><span class=\"s3\"><span class=\"bumpedFont15\">Fonte: <\/span><\/span><\/p>\n<p class=\"s2\"><a href=\"https:\/\/undime.org.br\/noticia\/21-05-2018-16-30-um-terco-das-criancas-de-0-a-3-anos-mais-pobres-do-brasil-esta-fora-da-creche-por-falta-de-vaga-diz-ibge\"><span class=\"s4\"><span class=\"bumpedFont15\">https:\/\/undime.org.br\/noticia\/21-05-2018-16-30-um-terco-das-criancas-de-0-a-3-anos-mais-pobres-do-brasil-esta-fora-da-creche-por-falta-de-vaga-diz-ibge<\/span><\/span><\/a><\/p>\n<p class=\"s2\"><a href=\"https:\/\/www.instagram.com\/p\/CUmj90boh1N\/\"><span class=\"s4\"><span class=\"bumpedFont15\">https:\/\/www.instagram.com\/p\/CUmj90boh1N\/<\/span><\/span><\/a><\/p>\n<p class=\"s6\"><span class=\"s3\"><span class=\"bumpedFont15\">TELES, Maria Am\u00e9lia de Almeida. SANTIAGO, \u00a0Fl\u00e1vio. \u00a0FARIA, Ana L\u00facia Goulart de. (orgs).<\/span><\/span><span class=\"s5\"><span class=\"bumpedFont15\"> \u00a0Por que a creche \u00e9 uma luta das mulheres? Inquieta\u00e7\u00f5es femininas j\u00e1 demonstraram que as crian\u00e7as pequenas \u00a0s\u00e3o de responsabilidade de toda a sociedade.<\/span><\/span><span class=\"s3\"><span class=\"bumpedFont15\"> S\u00e3o Carlos: Pedro &amp; Jo\u00e3o Editores, 2018. 295 p <\/span><\/span><\/p>\n<p>&nbsp;<\/p>\n","protected":false},"excerpt":{"rendered":"<p>O reconhecimento da creche como um direito das crian\u00e7as \u00e9 fruto das lutas das mulheres por condi\u00e7\u00f5es de entrada e perman\u00eancia no mercado de trabalho, ao questionamento da divis\u00e3o sexual do trabalho e da reivindica\u00e7\u00e3o pela co-responsabiliza\u00e7\u00e3o social do Estado pela educa\u00e7\u00e3o das crian\u00e7as. Este movimento foi realizado pelos movimentos feministas e de mulheres de bairros e periferias, no contexto de redemocratiza\u00e7\u00e3o do pa\u00eds, a partir da d\u00e9cada de 70. Contando  tamb\u00e9m com a importante atua\u00e7\u00e3o do Conselho Nacional dos Direitos das Mulheres durante a Constituinte, o que culminou na inser\u00e7\u00e3o da creche pelos direitos das crian\u00e7as na Constitui\u00e7\u00e3o Federal de 1988.<\/p>\n","protected":false},"author":3,"featured_media":7869,"comment_status":"open","ping_status":"open","sticky":false,"template":"","format":"standard","meta":{"om_disable_all_campaigns":false,"_uf_show_specific_survey":0,"_uf_disable_surveys":false,"ocean_post_layout":"","ocean_both_sidebars_style":"","ocean_both_sidebars_content_width":0,"ocean_both_sidebars_sidebars_width":0,"ocean_sidebar":"","ocean_second_sidebar":"","ocean_disable_margins":"enable","ocean_add_body_class":"","ocean_shortcode_before_top_bar":"","ocean_shortcode_after_top_bar":"","ocean_shortcode_before_header":"","ocean_shortcode_after_header":"","ocean_has_shortcode":"","ocean_shortcode_after_title":"","ocean_shortcode_before_footer_widgets":"","ocean_shortcode_after_footer_widgets":"","ocean_shortcode_before_footer_bottom":"","ocean_shortcode_after_footer_bottom":"","ocean_display_top_bar":"default","ocean_display_header":"default","ocean_header_style":"","ocean_center_header_left_menu":"","ocean_custom_header_template":"","ocean_custom_logo":0,"ocean_custom_retina_logo":0,"ocean_custom_logo_max_width":0,"ocean_custom_logo_tablet_max_width":0,"ocean_custom_logo_mobile_max_width":0,"ocean_custom_logo_max_height":0,"ocean_custom_logo_tablet_max_height":0,"ocean_custom_logo_mobile_max_height":0,"ocean_header_custom_menu":"","ocean_menu_typo_font_family":"","ocean_menu_typo_font_subset":"","ocean_menu_typo_font_size":0,"ocean_menu_typo_font_size_tablet":0,"ocean_menu_typo_font_size_mobile":0,"ocean_menu_typo_font_size_unit":"px","ocean_menu_typo_font_weight":"","ocean_menu_typo_font_weight_tablet":"","ocean_menu_typo_font_weight_mobile":"","ocean_menu_typo_transform":"","ocean_menu_typo_transform_tablet":"","ocean_menu_typo_transform_mobile":"","ocean_menu_typo_line_height":0,"ocean_menu_typo_line_height_tablet":0,"ocean_menu_typo_line_height_mobile":0,"ocean_menu_typo_line_height_unit":"","ocean_menu_typo_spacing":0,"ocean_menu_typo_spacing_tablet":0,"ocean_menu_typo_spacing_mobile":0,"ocean_menu_typo_spacing_unit":"","ocean_menu_link_color":"","ocean_menu_link_color_hover":"","ocean_menu_link_color_active":"","ocean_menu_link_background":"","ocean_menu_link_hover_background":"","ocean_menu_link_active_background":"","ocean_menu_social_links_bg":"","ocean_menu_social_hover_links_bg":"","ocean_menu_social_links_color":"","ocean_menu_social_hover_links_color":"","ocean_disable_title":"default","ocean_disable_heading":"default","ocean_post_title":"","ocean_post_subheading":"","ocean_post_title_style":"","ocean_post_title_background_color":"","ocean_post_title_background":0,"ocean_post_title_bg_image_position":"","ocean_post_title_bg_image_attachment":"","ocean_post_title_bg_image_repeat":"","ocean_post_title_bg_image_size":"","ocean_post_title_height":0,"ocean_post_title_bg_overlay":0.5,"ocean_post_title_bg_overlay_color":"","ocean_disable_breadcrumbs":"default","ocean_breadcrumbs_color":"","ocean_breadcrumbs_separator_color":"","ocean_breadcrumbs_links_color":"","ocean_breadcrumbs_links_hover_color":"","ocean_display_footer_widgets":"default","ocean_display_footer_bottom":"default","ocean_custom_footer_template":"","ocean_post_oembed":"","ocean_post_self_hosted_media":"","ocean_post_video_embed":"","ocean_link_format":"","ocean_link_format_target":"self","ocean_quote_format":"","ocean_quote_format_link":"post","ocean_gallery_link_images":"on","ocean_gallery_id":[],"footnotes":""},"categories":[56,88,27],"tags":[431,432,433,434,435],"class_list":["post-7868","post","type-post","status-publish","format-standard","has-post-thumbnail","hentry","category-data","category-educacao","category-noticias","tag-12deoutubro","tag-creches","tag-diadascriancas","tag-dianacionaldelutaporcreche","tag-maisdemetqdedascriancasprecisamdecreches","entry","has-media"],"_links":{"self":[{"href":"https:\/\/camtra.org.br\/index.php\/wp-json\/wp\/v2\/posts\/7868","targetHints":{"allow":["GET"]}}],"collection":[{"href":"https:\/\/camtra.org.br\/index.php\/wp-json\/wp\/v2\/posts"}],"about":[{"href":"https:\/\/camtra.org.br\/index.php\/wp-json\/wp\/v2\/types\/post"}],"author":[{"embeddable":true,"href":"https:\/\/camtra.org.br\/index.php\/wp-json\/wp\/v2\/users\/3"}],"replies":[{"embeddable":true,"href":"https:\/\/camtra.org.br\/index.php\/wp-json\/wp\/v2\/comments?post=7868"}],"version-history":[{"count":0,"href":"https:\/\/camtra.org.br\/index.php\/wp-json\/wp\/v2\/posts\/7868\/revisions"}],"wp:featuredmedia":[{"embeddable":true,"href":"https:\/\/camtra.org.br\/index.php\/wp-json\/wp\/v2\/media\/7869"}],"wp:attachment":[{"href":"https:\/\/camtra.org.br\/index.php\/wp-json\/wp\/v2\/media?parent=7868"}],"wp:term":[{"taxonomy":"category","embeddable":true,"href":"https:\/\/camtra.org.br\/index.php\/wp-json\/wp\/v2\/categories?post=7868"},{"taxonomy":"post_tag","embeddable":true,"href":"https:\/\/camtra.org.br\/index.php\/wp-json\/wp\/v2\/tags?post=7868"}],"curies":[{"name":"wp","href":"https:\/\/api.w.org\/{rel}","templated":true}]}}