{"id":8124,"date":"2022-05-25T17:39:45","date_gmt":"2022-05-25T20:39:45","guid":{"rendered":"https:\/\/camtra.org.br\/?p=8124"},"modified":"2024-04-11T17:41:09","modified_gmt":"2024-04-11T17:41:09","slug":"live-28-de-maio-saude-da-mulher","status":"publish","type":"post","link":"https:\/\/camtra.org.br\/index.php\/2022\/05\/25\/live-28-de-maio-saude-da-mulher\/","title":{"rendered":"Live 28 de maio &#8211; Sa\u00fade da Mulher"},"content":{"rendered":"<div id=\"fb-root\"><\/div>\n<p>\ud83d\udce2Nesta Sexta-Feira, dia 27 de Abril \u00e0s 16h, teremos a nossa Roda de Conversa alusiva ao Alusiva ao 28 de maio &#8211; Dia Internacional de Luta pela Sa\u00fade da Mulher\/ Dia Nacional de Redu\u00e7\u00e3o da Mortalidade Materna que ser\u00e1 transmitida pelo instagram da CAMTRA!<\/p>\n<p><!--more--><\/p>\n<p>\u270a\ud83c\udfffConfiram as mulheres potentes que estar\u00e3o presentes na nossa Roda de Conversa:<\/p>\n<p>&nbsp;<\/p>\n<p>Moderadora: Eleut\u00e9ria Amora da Silva &#8211; Coordenadora Geral da Camtra<\/p>\n<p>&nbsp;<\/p>\n<p>Emanuelle Goes &#8211; Pesquisadora P\u00f3s-doc do Cidacs Fiocruz\/Bahia<\/p>\n<p>&nbsp;<\/p>\n<p>Monique Eleot\u00e9rio &#8211; Doula e Educadora Perinatal. Coletivo de Doulas Negras Quilomba.<\/p>\n<p>&nbsp;<\/p>\n<p>Maria Izabel Monteiro-Trabalhadora Dom\u00e9stica, atua e dirige o Grupo de Teatro do Oprimido Marias do Brasil, Secretaria de Articula\u00e7\u00e3o Regional das(os) Trabalhadoras(es) Dom\u00e9sticas(os), Presidenta do SinDom\u00e9sticas do Munic\u00edpio do Rio de Janeiro<\/p>\n<p>&nbsp;<\/p>\n<p>\ud83c\udf3b Contamos com a participa\u00e7\u00e3o de todas! Compartilhem!<\/p>\n<p>&nbsp;<\/p>\n<ol>\n<li style=\"text-align: left;\">#ParaTodasVerem Card com fundo roxo e letras amarelas. O titulo Roda de Conversa alusiva ao 28 de maio &#8211; Dia Internacional de Luta pela Sa\u00fade da Mulher\/ Dia Nacional de Redu\u00e7\u00e3o da Mortalidade Materna<\/li>\n<\/ol>\n","protected":false},"excerpt":{"rendered":"<p>\ud83d\udce2Nesta Sexta-Feira, dia 27 de Abril \u00e0s 16h, teremos a nossa Roda de Conversa alusiva ao Alusiva ao 28 de maio &#8211; Dia Internacional de Luta pela Sa\u00fade da Mulher\/ [&hellip;]<\/p>\n","protected":false},"author":3,"featured_media":8125,"comment_status":"open","ping_status":"open","sticky":false,"template":"","format":"standard","meta":{"om_disable_all_campaigns":false,"_uf_show_specific_survey":0,"_uf_disable_surveys":false,"ocean_post_layout":"","ocean_both_sidebars_style":"","ocean_both_sidebars_content_width":0,"ocean_both_sidebars_sidebars_width":0,"ocean_sidebar":"","ocean_second_sidebar":"","ocean_disable_margins":"enable","ocean_add_body_class":"","ocean_shortcode_before_top_bar":"","ocean_shortcode_after_top_bar":"","ocean_shortcode_before_header":"","ocean_shortcode_after_header":"","ocean_has_shortcode":"","ocean_shortcode_after_title":"","ocean_shortcode_before_footer_widgets":"","ocean_shortcode_after_footer_widgets":"","ocean_shortcode_before_footer_bottom":"","ocean_shortcode_after_footer_bottom":"","ocean_display_top_bar":"default","ocean_display_header":"default","ocean_header_style":"","ocean_center_header_left_menu":"","ocean_custom_header_template":"","ocean_custom_logo":0,"ocean_custom_retina_logo":0,"ocean_custom_logo_max_width":0,"ocean_custom_logo_tablet_max_width":0,"ocean_custom_logo_mobile_max_width":0,"ocean_custom_logo_max_height":0,"ocean_custom_logo_tablet_max_height":0,"ocean_custom_logo_mobile_max_height":0,"ocean_header_custom_menu":"","ocean_menu_typo_font_family":"","ocean_menu_typo_font_subset":"","ocean_menu_typo_font_size":0,"ocean_menu_typo_font_size_tablet":0,"ocean_menu_typo_font_size_mobile":0,"ocean_menu_typo_font_size_unit":"px","ocean_menu_typo_font_weight":"","ocean_menu_typo_font_weight_tablet":"","ocean_menu_typo_font_weight_mobile":"","ocean_menu_typo_transform":"","ocean_menu_typo_transform_tablet":"","ocean_menu_typo_transform_mobile":"","ocean_menu_typo_line_height":0,"ocean_menu_typo_line_height_tablet":0,"ocean_menu_typo_line_height_mobile":0,"ocean_menu_typo_line_height_unit":"","ocean_menu_typo_spacing":0,"ocean_menu_typo_spacing_tablet":0,"ocean_menu_typo_spacing_mobile":0,"ocean_menu_typo_spacing_unit":"","ocean_menu_link_color":"","ocean_menu_link_color_hover":"","ocean_menu_link_color_active":"","ocean_menu_link_background":"","ocean_menu_link_hover_background":"","ocean_menu_link_active_background":"","ocean_menu_social_links_bg":"","ocean_menu_social_hover_links_bg":"","ocean_menu_social_links_color":"","ocean_menu_social_hover_links_color":"","ocean_disable_title":"default","ocean_disable_heading":"default","ocean_post_title":"","ocean_post_subheading":"","ocean_post_title_style":"","ocean_post_title_background_color":"","ocean_post_title_background":0,"ocean_post_title_bg_image_position":"","ocean_post_title_bg_image_attachment":"","ocean_post_title_bg_image_repeat":"","ocean_post_title_bg_image_size":"","ocean_post_title_height":0,"ocean_post_title_bg_overlay":0.5,"ocean_post_title_bg_overlay_color":"","ocean_disable_breadcrumbs":"default","ocean_breadcrumbs_color":"","ocean_breadcrumbs_separator_color":"","ocean_breadcrumbs_links_color":"","ocean_breadcrumbs_links_hover_color":"","ocean_display_footer_widgets":"default","ocean_display_footer_bottom":"default","ocean_custom_footer_template":"","ocean_post_oembed":"","ocean_post_self_hosted_media":"","ocean_post_video_embed":"","ocean_link_format":"","ocean_link_format_target":"self","ocean_quote_format":"","ocean_quote_format_link":"post","ocean_gallery_link_images":"on","ocean_gallery_id":[],"footnotes":""},"categories":[56,75,76,79],"tags":[74,77,78,80,81],"class_list":["post-8124","post","type-post","status-publish","format-standard","has-post-thumbnail","hentry","category-data","category-direitos-sexuais-e-reprodutivos","category-live-do-camtra","category-saude","tag-dia-internacional-pela-reducao-da-mortalidade-materna","tag-mortalidade-materna","tag-mulher-negra","tag-saude-da-mulher","tag-saude-gravidas","entry","has-media"],"_links":{"self":[{"href":"https:\/\/camtra.org.br\/index.php\/wp-json\/wp\/v2\/posts\/8124","targetHints":{"allow":["GET"]}}],"collection":[{"href":"https:\/\/camtra.org.br\/index.php\/wp-json\/wp\/v2\/posts"}],"about":[{"href":"https:\/\/camtra.org.br\/index.php\/wp-json\/wp\/v2\/types\/post"}],"author":[{"embeddable":true,"href":"https:\/\/camtra.org.br\/index.php\/wp-json\/wp\/v2\/users\/3"}],"replies":[{"embeddable":true,"href":"https:\/\/camtra.org.br\/index.php\/wp-json\/wp\/v2\/comments?post=8124"}],"version-history":[{"count":1,"href":"https:\/\/camtra.org.br\/index.php\/wp-json\/wp\/v2\/posts\/8124\/revisions"}],"predecessor-version":[{"id":11189,"href":"https:\/\/camtra.org.br\/index.php\/wp-json\/wp\/v2\/posts\/8124\/revisions\/11189"}],"wp:featuredmedia":[{"embeddable":true,"href":"https:\/\/camtra.org.br\/index.php\/wp-json\/wp\/v2\/media\/8125"}],"wp:attachment":[{"href":"https:\/\/camtra.org.br\/index.php\/wp-json\/wp\/v2\/media?parent=8124"}],"wp:term":[{"taxonomy":"category","embeddable":true,"href":"https:\/\/camtra.org.br\/index.php\/wp-json\/wp\/v2\/categories?post=8124"},{"taxonomy":"post_tag","embeddable":true,"href":"https:\/\/camtra.org.br\/index.php\/wp-json\/wp\/v2\/tags?post=8124"}],"curies":[{"name":"wp","href":"https:\/\/api.w.org\/{rel}","templated":true}]}}