{"id":701,"count":1,"description":"","link":"https:\/\/camtra.org.br\/index.php\/tag\/cartilha-a-violencia-contra-a-mulher-nao-e-o-mundo-que-a-gente-quer\/","name":"Cartilha a Viol\u00eancia contra a mulher n\u00e3o \u00e9 o mundo que a gente quer","slug":"cartilha-a-violencia-contra-a-mulher-nao-e-o-mundo-que-a-gente-quer","taxonomy":"post_tag","meta":[],"_links":{"self":[{"href":"https:\/\/camtra.org.br\/index.php\/wp-json\/wp\/v2\/tags\/701","targetHints":{"allow":["GET"]}}],"collection":[{"href":"https:\/\/camtra.org.br\/index.php\/wp-json\/wp\/v2\/tags"}],"about":[{"href":"https:\/\/camtra.org.br\/index.php\/wp-json\/wp\/v2\/taxonomies\/post_tag"}],"wp:post_type":[{"href":"https:\/\/camtra.org.br\/index.php\/wp-json\/wp\/v2\/posts?tags=701"},{"href":"https:\/\/camtra.org.br\/index.php\/wp-json\/wp\/v2\/tribe_events?tags=701"},{"href":"https:\/\/camtra.org.br\/index.php\/wp-json\/wp\/v2\/tec_calendar_embed?tags=701"}],"curies":[{"name":"wp","href":"https:\/\/api.w.org\/{rel}","templated":true}]}}